{"id":99976,"date":"2023-12-25T03:01:04","date_gmt":"2023-12-25T06:01:04","guid":{"rendered":"https:\/\/laurbedigital.com.ar\/noticias\/?p=99976"},"modified":"2023-12-25T03:01:04","modified_gmt":"2023-12-25T06:01:04","slug":"impulsan-la-repatriacion-de-los-restos-de-jorge-luis-borges","status":"publish","type":"post","link":"https:\/\/laurbedigital.com.ar\/noticias\/2023\/12\/25\/impulsan-la-repatriacion-de-los-restos-de-jorge-luis-borges\/","title":{"rendered":"Impulsan la repatriaci\u00f3n de los restos de Jorge Luis Borges"},"content":{"rendered":"<p>&nbsp;<\/p>\n<h6><strong>Sus familiares quieren que sean trasladados a la b\u00f3veda de su familia en el Cementerio de Recoleta. Actualmente est\u00e1n en Ginebra, donde fue enterrado en el a\u00f1o 1986.<\/strong><\/h6>\n<p>Tras encontrar una carpeta con documentaci\u00f3n, Mariana de Torre, la nieta de Norah Borges y Guillermo de Torre, impulsa una iniciativa para que los restos de su t\u00edo abuelo, Jorge Luis Borges, enterrado en Ginebra el 14 de junio de 1986, sean repatriados a la Argentina y trasladados a la b\u00f3veda de su familia en el Cementerio en la Recoleta, en un hecho de reparaci\u00f3n familiar que tambi\u00e9n busca consolidar la impronta y el legado que el escritor dej\u00f3 en la literatura y la cultura nacional.<\/p>\n<p>El autor y poeta Osvaldo Ferrari sostuvo conversaciones con Jorge Luis Borges entre 1984 y 1985 que fueron posteriormente recopiladas en el libro titulado \u201cLos di\u00e1logos\u201d, editado por Seix Barral. En una entrevista reciente, Ferrari expres\u00f3 que, tras revisar documentos, quedaba claro el deseo de Borges de descansar en el Cementerio de Recoleta.<\/p>\n<p>Tras atender a esas reflexiones y luego de encontrar una carpeta de su padre con todos los documentos en los que hab\u00eda solicitado al gobierno Suizo esta repatriaci\u00f3n, Mariana de Torre hizo p\u00fablico el inter\u00e9s de su familia en retomar esa iniciativa y lo hizo en representaci\u00f3n de los seis nietos de la pintora Norah Borges, hermana de Jorge Luis, y del poeta y editor espa\u00f1ol Guillermo de Torre, los \u00fanicos descendientes directos vivos del escritor. En las pr\u00f3ximas horas, la sobrina nieta del autor se reunir\u00e1 con Ferrari para ver c\u00f3mo impulsan la iniciativa a nivel gubernamental.<\/p>\n<p>\u201cMi padre, en 1988, empez\u00f3 a hacer los tr\u00e1mites para repatriar los restos. Yo por aquel entonces no ten\u00eda ni idea y tampoco me importaba. \u00c9l solo hablaba con mi mam\u00e1, a nosotros tampoco nos contaba mucho. Tras su muerte, ordenando las cosas en su casa, encontr\u00e9 esa carpeta con la documentaci\u00f3n y me pareci\u00f3 tan triste que \u00e9l no hubiera logrado su prop\u00f3sito\u2026Me puso tan mal que casi la tiro a la basura, pero ac\u00e1 est\u00e1 y ahora puede servir\u201d, cuenta a T\u00e9lam De Torre sobre esos documentos que hoy atesora.<\/p>\n<p>Cree que el momento puede ayudar a revertir esa historia. \u201cCon la muerte de Mar\u00eda Kodama y tras leer la argumentaci\u00f3n de Ferrari, creo que somos muchos los que podemos unir voluntades. Entiendo que, m\u00e1s all\u00e1 de la l\u00f3gica de lo familiar, para la cultura del pa\u00eds es importante\u201d, advierte.<\/p>\n<p>Al ser consultada sobre la voluntad de los sobrinos de Kodama, quienes fueron declarados herederos universales, es tajante: \u201cYo no tengo nada que ver con esa gente, solo los conozco por foto\u201d.<\/p>\n<p>\u201cEstoy dispuesta a hacer este pedido por la v\u00eda de la Canciller\u00eda o una gesti\u00f3n ante el Gobierno. Mi padre luch\u00f3 tanto por esto que creo que le arruin\u00f3 la existencia. \u00c9l era muy cercano a su t\u00edo, m\u00e1s que a mi abuelo, y todo lo que pas\u00f3 con Kodama le hizo muy mal. Poder ahora hacer algo ser\u00eda mi forma de enviarle un regalo al cielo, de reivindicarlo\u201d, explica.<\/p>\n<p>M\u00e1s all\u00e1 del entramado familiar, la sobrina nieta del escritor cree que el Cementerio de la Recoleta es \u201cel lugar natural\u201d para que descansen los restos del autor de \u201cFicciones\u201d, \u201cEl Aleph\u201d y \u201cEl hacedor\u201d. \u201cCreo que a todos los argentinos les gustar\u00eda poder pasar y dejarle una flor. \u00bfCu\u00e1ntos pueden visitar su tumba en Ginebra? Ac\u00e1 creo que ver\u00edamos un aluvi\u00f3n de gente\u2026\u201d, sostiene.<\/p>\n<p>No fue solo una idea de Miguel de Torre. Antes, hab\u00eda sido la voluntad de Norah Borges porque cre\u00eda que Borges toda la vida hab\u00eda expresado su deseo de estar enterrado junto a su madre en la b\u00f3veda familiar. Tambi\u00e9n lo intent\u00f3 en 2009 la diputada Mar\u00eda Beatriz Lenz, sin \u00e9xito.<\/p>\n<p>El escritor Alejandro Vaccaro, bi\u00f3grafo, estudioso y coleccionista de la obra obra de Borges desde hace cinco d\u00e9cadas, publicar\u00e1 en los pr\u00f3ximos meses \u201cBorges. Textos secretos y falsas atribuciones\u201d, un libro editado por el sello Planeta en el que dedica un cap\u00edtulo a explicar por qu\u00e9 Borges deseaba que sus restos descansaran en la ciudad de Buenos Aires.<\/p>\n<p>\u201cHace unos a\u00f1os tuve una fuerte pol\u00e9mica con Kodama por este tema, que reaparece cada tanto y que ser\u00eda bueno encauzar. La Argentina tiene una tradici\u00f3n en repatriaci\u00f3n de las figuras que marcaron la historia: pas\u00f3 con San Mart\u00edn, Alberdi, Gardel y Sarmiento\u2026Es una materia que habr\u00eda que legislar\u201d, evalu\u00f3 durante una charla con T\u00e9lam.<\/p>\n<p>Para \u00e9l, es \u201cabsurdo\u201d que los restos de Borges est\u00e9n en el exterior: \u201c\u00c9l decidi\u00f3 irse de Buenos Aires porque ten\u00eda una enfermedad terminal y, a\u00f1os antes hab\u00eda muerto Balb\u00edn y hab\u00eda sido v\u00edctima de una persecuci\u00f3n que incluy\u00f3 que le hab\u00edan sacado fotos en terapia intensiva. A \u00e9l le hab\u00edan contado eso que hab\u00eda pasado y temi\u00f3 un circo medi\u00e1tico alrededor de su enfermedad. Por eso, decidi\u00f3 irse a Ginebra\u201d. Tanto en sus poemas como en sus intervenciones p\u00fablicas, seg\u00fan Vaccaro, puede leerse su voluntad de ser enterrado en Argentina. En el poema \u201cLa Recoleta\u201d, en Fervor de Buenos Aires, dos versos dan cuenta de esto: \u201cEstas cosas pens\u00e9 en la Recoleta, \/ en el lugar de mi ceniza\u201d. \u201cEstoy seguro de que, tras la muerte de Kodama, las cosas van a empezar a moverse. Primero, vamos a ver qu\u00e9 opinan los sobrinos de Kodama\u2026\u201d, desliza.<\/p>\n<p>Para el escritor, el debate de fondo no es por la materialidad de los restos sino por lo simb\u00f3lico. \u201cTrabajo hace 50 a\u00f1os difundiendo su obra y su legado. Su cuerpo o los restos no van a cambiar la valorizaci\u00f3n internacional de su obra, pero s\u00ed me parece que simb\u00f3licamente como argentinos tenemos que aceptar el desaf\u00edo de cuidar lo que es nuestro\u201d, sostiene.<\/p>\n","protected":false},"excerpt":{"rendered":"<p>&nbsp; Sus familiares quieren que sean trasladados a la b\u00f3veda de su familia en el Cementerio de Recoleta. Actualmente est\u00e1n<\/p>\n","protected":false},"author":1,"featured_media":99980,"comment_status":"closed","ping_status":"closed","sticky":false,"template":"","format":"standard","meta":{"kia_subtitle":"","footnotes":"","jetpack_publicize_message":"","jetpack_publicize_feature_enabled":true,"jetpack_social_post_already_shared":true,"jetpack_social_options":{"image_generator_settings":{"template":"highway","default_image_id":0,"font":"","enabled":false},"version":2}},"categories":[3],"tags":[],"class_list":["post-99976","post","type-post","status-publish","format-standard","has-post-thumbnail","hentry","category-actualidad"],"jetpack_publicize_connections":[],"jetpack_featured_media_url":"https:\/\/laurbedigital.com.ar\/noticias\/wp-content\/uploads\/2023\/12\/20231225-Jorge-Luis-Borges.jpg","_links":{"self":[{"href":"https:\/\/laurbedigital.com.ar\/noticias\/wp-json\/wp\/v2\/posts\/99976","targetHints":{"allow":["GET"]}}],"collection":[{"href":"https:\/\/laurbedigital.com.ar\/noticias\/wp-json\/wp\/v2\/posts"}],"about":[{"href":"https:\/\/laurbedigital.com.ar\/noticias\/wp-json\/wp\/v2\/types\/post"}],"author":[{"embeddable":true,"href":"https:\/\/laurbedigital.com.ar\/noticias\/wp-json\/wp\/v2\/users\/1"}],"replies":[{"embeddable":true,"href":"https:\/\/laurbedigital.com.ar\/noticias\/wp-json\/wp\/v2\/comments?post=99976"}],"version-history":[{"count":3,"href":"https:\/\/laurbedigital.com.ar\/noticias\/wp-json\/wp\/v2\/posts\/99976\/revisions"}],"predecessor-version":[{"id":99984,"href":"https:\/\/laurbedigital.com.ar\/noticias\/wp-json\/wp\/v2\/posts\/99976\/revisions\/99984"}],"wp:featuredmedia":[{"embeddable":true,"href":"https:\/\/laurbedigital.com.ar\/noticias\/wp-json\/wp\/v2\/media\/99980"}],"wp:attachment":[{"href":"https:\/\/laurbedigital.com.ar\/noticias\/wp-json\/wp\/v2\/media?parent=99976"}],"wp:term":[{"taxonomy":"category","embeddable":true,"href":"https:\/\/laurbedigital.com.ar\/noticias\/wp-json\/wp\/v2\/categories?post=99976"},{"taxonomy":"post_tag","embeddable":true,"href":"https:\/\/laurbedigital.com.ar\/noticias\/wp-json\/wp\/v2\/tags?post=99976"}],"curies":[{"name":"wp","href":"https:\/\/api.w.org\/{rel}","templated":true}]}}