{"id":99752,"date":"2023-12-20T01:13:09","date_gmt":"2023-12-20T04:13:09","guid":{"rendered":"https:\/\/laurbedigital.com.ar\/noticias\/?p=99752"},"modified":"2023-12-20T01:13:33","modified_gmt":"2023-12-20T04:13:33","slug":"casacion-revoco-domiciliarias-a-represores-y-ordeno-dictar-un-nuevo-fallo","status":"publish","type":"post","link":"https:\/\/laurbedigital.com.ar\/noticias\/2023\/12\/20\/casacion-revoco-domiciliarias-a-represores-y-ordeno-dictar-un-nuevo-fallo\/","title":{"rendered":"Casaci\u00f3n revoc\u00f3 domiciliarias a represores y orden\u00f3 dictar un nuevo fallo"},"content":{"rendered":"<p>&nbsp;<\/p>\n<h6><strong>Las resoluciones firmadas este martes por jueces de la sala segunda del m\u00e1ximo tribunal penal en relaci\u00f3n a los casos de los represores Lucio C\u00e9sar Nast y Julio H\u00e9ctor Fermoselle.<\/strong><\/h6>\n<p>La C\u00e1mara Federal de Casaci\u00f3n Penal orden\u00f3 al\u00a0<strong>Tribunal Oral Federal (TOF) 2 de Rosario que revoque la detenci\u00f3n domiciliaria concedida a dos represores y dicte un nuevo pronunciamiento<\/strong>\u00a0en el que se respete la doctrina de la Corte Suprema de Justicia de la Naci\u00f3n que establece los est\u00e1ndares y criterios para otorgar ese beneficio.<\/p>\n<p>La informaci\u00f3n surge de\u00a0<strong>resoluciones firmadas este martes por jueces de la sala segunda del m\u00e1ximo tribunal penal en relaci\u00f3n a los casos de los represores Lucio C\u00e9sar Nast (71 a\u00f1os) y Julio H\u00e9ctor Fermoselle (73 a\u00f1os)<\/strong>, que fueron condenados a las penas de 22 a\u00f1os de prisi\u00f3n.<\/p>\n<p>Los jueces de la Casaci\u00f3n resolvieron \u00abremitir de modo urgente las presentes actuaciones a su origen a fin de que, sin dilaciones y con los resguardos que la hip\u00f3tesis impone, se dicte un nuevo pronunciamiento con arreglo a lo aqu\u00ed sentado\u00bb, seg\u00fan surge de los fallos a los que accedi\u00f3 T\u00e9lam.<\/p>\n<p><strong>La decisi\u00f3n se produjo luego de que la Corte Suprema de Justicia de la Naci\u00f3n revocara las resoluciones que, por mayor\u00eda, hab\u00edan otorgado indebidamente el beneficio de la prisi\u00f3n domiciliaria<\/strong>\u00a0a los condenados mayores de 70 a\u00f1os.<\/p>\n<p>En la tarde de este martes, con votos del juez Alejandro Slokar, a los que adhiri\u00f3 la jueza Angela Ledesma, Casaci\u00f3n orden\u00f3 remitir las actuaciones al tribunal oral para que se escuche a las v\u00edctimas y \u00absin dilaciones y con los resguardos de la hip\u00f3tesis\u00bb se aplique la invariable doctrina de la Corte Suprema de Justicia la Naci\u00f3n.<\/p>\n<p>En el fallo dictado el pasado 14 de diciembre, el cimero tribunal reafirm\u00f3:<strong>\u00a0\u00abEsta Corte estableci\u00f3 que existe un doble orden de razones convencionales y constitucionales por las que el Estado argentino tiene el imperativo impostergable de investigar y sancionar las grav\u00edsimas violaciones masivas a los derechos humanos cometidas durante la \u00faltima dictadura militar que configuran delitos de lesa humanidad\u00bb<\/strong>.<\/p>\n<p>En el mismo fallo destac\u00f3 \u00abque, a tal efecto, no solo no se pueden oponer normas internas que obstaculicen el enjuiciamiento y eventual castigo de los responsables sino que adem\u00e1s est\u00e1 vedada la adopci\u00f3n de cualquier otro tipo de medidas que disuelvan la posibilidad de reproche\u00bb.<\/p>\n<p>Tambi\u00e9n resalt\u00f3 el est\u00e1ndar \u00abcon relaci\u00f3n al &#8216;especial deber de cuidado que pesa sobre los magistrados para neutralizar toda posibilidad de fuga&#8217; en esta clase de procesos en el que se juzgan delitos calificados de lesa humanidad y las implicancias que ello ten\u00eda con relaci\u00f3n a su posibilidad de sustraerse al proceso\u00bb.<\/p>\n<p><strong>Nast y Fermoselle fueron condenados a las penas de 22 a\u00f1os de prisi\u00f3n por diversos hechos calificados como privaci\u00f3n ilegal de la libertad doblemente agravada por haber sido cometida por funcionario p\u00fablico con abuso funcional, por mediar violencia y amenazas y por haber durado m\u00e1s de un mes en concurso real con el delito de aplicaci\u00f3n de tormentos agravados por ser las v\u00edctimas perseguidos pol\u00edticos, que fueron encuadrados como cr\u00edmenes de lesa humanidad<\/strong>.<\/p>\n<p>La sentencia adquiri\u00f3 firmeza en el a\u00f1o 2021.<\/p>\n<p>Las prisiones domiciliarias concedidas en el a\u00f1o 2020 fueron anuladas d\u00edas atr\u00e1s por la Corte Suprema de Justicia de la Naci\u00f3n, que devolvi\u00f3 la causa a Casaci\u00f3n que inmediatamente, luego del apartamiento del juez Guillermo Yacobucci, la remiti\u00f3 \u00abde modo urgente\u00bb al tribunal oral para que resuelva de acuerdo a lo ordenado por el superior.t\u00e9lam<\/p>\n","protected":false},"excerpt":{"rendered":"<p>&nbsp; Las resoluciones firmadas este martes por jueces de la sala segunda del m\u00e1ximo tribunal penal en relaci\u00f3n a los<\/p>\n","protected":false},"author":1,"featured_media":99760,"comment_status":"closed","ping_status":"closed","sticky":false,"template":"","format":"standard","meta":{"kia_subtitle":"","footnotes":"","jetpack_publicize_message":"","jetpack_publicize_feature_enabled":true,"jetpack_social_post_already_shared":true,"jetpack_social_options":{"image_generator_settings":{"template":"highway","default_image_id":0,"font":"","enabled":false},"version":2}},"categories":[8],"tags":[],"class_list":["post-99752","post","type-post","status-publish","format-standard","has-post-thumbnail","hentry","category-policiales"],"jetpack_publicize_connections":[],"jetpack_featured_media_url":"https:\/\/laurbedigital.com.ar\/noticias\/wp-content\/uploads\/2023\/12\/20231220-presente.jpg","_links":{"self":[{"href":"https:\/\/laurbedigital.com.ar\/noticias\/wp-json\/wp\/v2\/posts\/99752","targetHints":{"allow":["GET"]}}],"collection":[{"href":"https:\/\/laurbedigital.com.ar\/noticias\/wp-json\/wp\/v2\/posts"}],"about":[{"href":"https:\/\/laurbedigital.com.ar\/noticias\/wp-json\/wp\/v2\/types\/post"}],"author":[{"embeddable":true,"href":"https:\/\/laurbedigital.com.ar\/noticias\/wp-json\/wp\/v2\/users\/1"}],"replies":[{"embeddable":true,"href":"https:\/\/laurbedigital.com.ar\/noticias\/wp-json\/wp\/v2\/comments?post=99752"}],"version-history":[{"count":3,"href":"https:\/\/laurbedigital.com.ar\/noticias\/wp-json\/wp\/v2\/posts\/99752\/revisions"}],"predecessor-version":[{"id":99763,"href":"https:\/\/laurbedigital.com.ar\/noticias\/wp-json\/wp\/v2\/posts\/99752\/revisions\/99763"}],"wp:featuredmedia":[{"embeddable":true,"href":"https:\/\/laurbedigital.com.ar\/noticias\/wp-json\/wp\/v2\/media\/99760"}],"wp:attachment":[{"href":"https:\/\/laurbedigital.com.ar\/noticias\/wp-json\/wp\/v2\/media?parent=99752"}],"wp:term":[{"taxonomy":"category","embeddable":true,"href":"https:\/\/laurbedigital.com.ar\/noticias\/wp-json\/wp\/v2\/categories?post=99752"},{"taxonomy":"post_tag","embeddable":true,"href":"https:\/\/laurbedigital.com.ar\/noticias\/wp-json\/wp\/v2\/tags?post=99752"}],"curies":[{"name":"wp","href":"https:\/\/api.w.org\/{rel}","templated":true}]}}