{"id":9974,"date":"2017-11-28T13:13:51","date_gmt":"2017-11-28T16:13:51","guid":{"rendered":"http:\/\/laurbedigital.com.ar\/noticias\/?p=9974"},"modified":"2017-11-28T13:13:51","modified_gmt":"2017-11-28T16:13:51","slug":"segunda-edicion-de-la-carrera-por-todos","status":"publish","type":"post","link":"https:\/\/laurbedigital.com.ar\/noticias\/2017\/11\/28\/segunda-edicion-de-la-carrera-por-todos\/","title":{"rendered":"Segunda edici\u00f3n de la \u201cCarrera por Todos\u201d"},"content":{"rendered":"<p><span style=\"font-weight: 400;\">Para conmemorar el d\u00eda mundial de la discapacidad el Municipio invit\u00f3 a todos los vecinos a inscribirse y participar en la Segunda Edici\u00f3n de la CARRERA POR TODOS a desarrollarse el pr\u00f3ximo domingo 3 de diciembre desde las 9 horas en la Plaza Brown de Adrogu\u00e9.<\/span><\/p>\n<p><span style=\"font-weight: 400;\">Para inscribirse, ingresar en\u00a0<\/span><a href=\"https:\/\/l.facebook.com\/l.php?u=http%3A%2F%2Fbrown.gob.ar%2Fcarreraportodos&amp;h=ATNkYT5yuxjXIpB4IaMlzsp9GaSPIbFOMyQr6sqmOAoA6ZB1Aou5xJi0r9mlLwAbXY1eAOoTpF5uhQqCX486kwQYtMWRYSQrhhKuxcS-c6imucVTc4xKfPWo3BTYbzBSPZ-C_y1mBHj0n0rRU_wGSQIIUloZjO6zkkH7MifJYQ27O71iEskPcxmWK-BxgYQQv10xXzAO505v37_3PocShqhlD-q-RQsn9sWjZ6GP3RuszUMBk1cXaZPW9atGJU-IqqxBknCekHrhDpkb9DkHukch-9P39fnJPA\" target=\"_blank\" rel=\"noopener\"><span style=\"font-weight: 400;\">brown.gob.ar\/carreraportodos<\/span><\/a><span style=\"font-weight: 400;\">\u00a0y completar los datos eligiendo la opci\u00f3n 2 o 7 kil\u00f3metros. <\/span><\/p>\n","protected":false},"excerpt":{"rendered":"<p>Para conmemorar el d\u00eda mundial de la discapacidad el Municipio invit\u00f3 a todos los vecinos a inscribirse y participar en<\/p>\n","protected":false},"author":1,"featured_media":9975,"comment_status":"closed","ping_status":"closed","sticky":false,"template":"","format":"standard","meta":{"kia_subtitle":"","footnotes":"","jetpack_publicize_message":"","jetpack_publicize_feature_enabled":true,"jetpack_social_post_already_shared":true,"jetpack_social_options":{"image_generator_settings":{"template":"highway","default_image_id":0,"font":"","enabled":false},"version":2}},"categories":[33,2],"tags":[],"class_list":["post-9974","post","type-post","status-publish","format-standard","has-post-thumbnail","hentry","category-alte-brown-alte-brown","category-alte-brown"],"jetpack_publicize_connections":[],"jetpack_featured_media_url":"https:\/\/laurbedigital.com.ar\/noticias\/wp-content\/uploads\/2017\/11\/20171128-brown3.jpg","_links":{"self":[{"href":"https:\/\/laurbedigital.com.ar\/noticias\/wp-json\/wp\/v2\/posts\/9974","targetHints":{"allow":["GET"]}}],"collection":[{"href":"https:\/\/laurbedigital.com.ar\/noticias\/wp-json\/wp\/v2\/posts"}],"about":[{"href":"https:\/\/laurbedigital.com.ar\/noticias\/wp-json\/wp\/v2\/types\/post"}],"author":[{"embeddable":true,"href":"https:\/\/laurbedigital.com.ar\/noticias\/wp-json\/wp\/v2\/users\/1"}],"replies":[{"embeddable":true,"href":"https:\/\/laurbedigital.com.ar\/noticias\/wp-json\/wp\/v2\/comments?post=9974"}],"version-history":[{"count":1,"href":"https:\/\/laurbedigital.com.ar\/noticias\/wp-json\/wp\/v2\/posts\/9974\/revisions"}],"predecessor-version":[{"id":9976,"href":"https:\/\/laurbedigital.com.ar\/noticias\/wp-json\/wp\/v2\/posts\/9974\/revisions\/9976"}],"wp:featuredmedia":[{"embeddable":true,"href":"https:\/\/laurbedigital.com.ar\/noticias\/wp-json\/wp\/v2\/media\/9975"}],"wp:attachment":[{"href":"https:\/\/laurbedigital.com.ar\/noticias\/wp-json\/wp\/v2\/media?parent=9974"}],"wp:term":[{"taxonomy":"category","embeddable":true,"href":"https:\/\/laurbedigital.com.ar\/noticias\/wp-json\/wp\/v2\/categories?post=9974"},{"taxonomy":"post_tag","embeddable":true,"href":"https:\/\/laurbedigital.com.ar\/noticias\/wp-json\/wp\/v2\/tags?post=9974"}],"curies":[{"name":"wp","href":"https:\/\/api.w.org\/{rel}","templated":true}]}}