{"id":99311,"date":"2024-12-10T00:08:30","date_gmt":"2024-12-10T03:08:30","guid":{"rendered":"https:\/\/laurbedigital.com.ar\/noticias\/?p=99311"},"modified":"2024-12-10T00:14:56","modified_gmt":"2024-12-10T03:14:56","slug":"10-de-diciembre-dia-de-la-democracia-2","status":"publish","type":"post","link":"https:\/\/laurbedigital.com.ar\/noticias\/2024\/12\/10\/10-de-diciembre-dia-de-la-democracia-2\/","title":{"rendered":"10 de diciembre: D\u00eda de la Democracia"},"content":{"rendered":"<p>El 30 de octubre de 1983, Ra\u00fal Alfons\u00edn resultaba electo Presidente. Estas elecciones marcaban el retorno a la Democracia, luego de 7 a\u00f1os de dictadura c\u00edvico militar, cerrando as\u00ed una de las etapas m\u00e1s oscuras y sangrientas de la historia argentina.<\/p>\n<p>Apenas asume el 10 de diciembre de 1983, Alfons\u00edn no tarda en cumplir su promesa electoral y env\u00eda al Congreso la Ley N.\u00ba 23.040, que deroga la Ley de Autoamnist\u00eda N\u00ba 22.924 de la Dictadura y que se aprueba una semana despu\u00e9s, convirti\u00e9ndose as\u00ed en la primera Ley aprobada en Democracia luego de la dictadura c\u00edvico militar.<\/p>\n<p>La recuperaci\u00f3n de la Democracia fue posible gracias a un conjunto variado de actores y organizaciones, entre ellos, los partidos pol\u00edticos tradicionales, sectores del movimiento obrero organizado y organismos de defensa de la dictadura c\u00edvico militar.<\/p>\n<p>La recuperaci\u00f3n de la Democracia fue posible gracias a un conjunto variado de actores y organizaciones, entre ellos, los partidos pol\u00edticos tradicionales, sectores del movimiento obrero organizado y organismos de defensa de los Derechos Humanos, que articularon, progresivamente, la lucha contra la dictadura militar.<\/p>\n","protected":false},"excerpt":{"rendered":"<p>El 30 de octubre de 1983, Ra\u00fal Alfons\u00edn resultaba electo Presidente. Estas elecciones marcaban el retorno a la Democracia, luego<\/p>\n","protected":false},"author":1,"featured_media":66726,"comment_status":"closed","ping_status":"closed","sticky":false,"template":"","format":"standard","meta":{"kia_subtitle":"El D\u00eda de la Democracia fue establecido a trav\u00e9s de la Ley N.\u00ba 26.323 (sancionada el 22 de noviembre de 2007 y promulgada de hecho el 17 diciembre del mismo a\u00f1o) en recordaci\u00f3n de la asunci\u00f3n del Presidente Ra\u00fal Alfons\u00edn, cuando se restituy\u00f3 en la Argentina el r\u00e9gimen democr\u00e1tico y el Estado de Derecho, el 10 de diciembre de 1983.","footnotes":"","jetpack_publicize_message":"10 de diciembre: D\u00eda de la Democracia","jetpack_publicize_feature_enabled":true,"jetpack_social_post_already_shared":true,"jetpack_social_options":{"image_generator_settings":{"template":"highway","default_image_id":0,"font":"","enabled":false},"version":2}},"categories":[5,2594],"tags":[],"class_list":["post-99311","post","type-post","status-publish","format-standard","has-post-thumbnail","hentry","category-cultura","category-efemerides"],"jetpack_publicize_connections":[],"jetpack_featured_media_url":"https:\/\/laurbedigital.com.ar\/noticias\/wp-content\/uploads\/2021\/12\/20211210-dia-de-la-democracia.jpg","_links":{"self":[{"href":"https:\/\/laurbedigital.com.ar\/noticias\/wp-json\/wp\/v2\/posts\/99311","targetHints":{"allow":["GET"]}}],"collection":[{"href":"https:\/\/laurbedigital.com.ar\/noticias\/wp-json\/wp\/v2\/posts"}],"about":[{"href":"https:\/\/laurbedigital.com.ar\/noticias\/wp-json\/wp\/v2\/types\/post"}],"author":[{"embeddable":true,"href":"https:\/\/laurbedigital.com.ar\/noticias\/wp-json\/wp\/v2\/users\/1"}],"replies":[{"embeddable":true,"href":"https:\/\/laurbedigital.com.ar\/noticias\/wp-json\/wp\/v2\/comments?post=99311"}],"version-history":[{"count":4,"href":"https:\/\/laurbedigital.com.ar\/noticias\/wp-json\/wp\/v2\/posts\/99311\/revisions"}],"predecessor-version":[{"id":111583,"href":"https:\/\/laurbedigital.com.ar\/noticias\/wp-json\/wp\/v2\/posts\/99311\/revisions\/111583"}],"wp:featuredmedia":[{"embeddable":true,"href":"https:\/\/laurbedigital.com.ar\/noticias\/wp-json\/wp\/v2\/media\/66726"}],"wp:attachment":[{"href":"https:\/\/laurbedigital.com.ar\/noticias\/wp-json\/wp\/v2\/media?parent=99311"}],"wp:term":[{"taxonomy":"category","embeddable":true,"href":"https:\/\/laurbedigital.com.ar\/noticias\/wp-json\/wp\/v2\/categories?post=99311"},{"taxonomy":"post_tag","embeddable":true,"href":"https:\/\/laurbedigital.com.ar\/noticias\/wp-json\/wp\/v2\/tags?post=99311"}],"curies":[{"name":"wp","href":"https:\/\/api.w.org\/{rel}","templated":true}]}}