{"id":98775,"date":"2023-11-29T01:50:39","date_gmt":"2023-11-29T04:50:39","guid":{"rendered":"https:\/\/laurbedigital.com.ar\/noticias\/?p=98775"},"modified":"2023-11-29T01:50:39","modified_gmt":"2023-11-29T04:50:39","slug":"anuncian-la-primera-exposicion-de-productos-fabricados-con-plastico-reciclado","status":"publish","type":"post","link":"https:\/\/laurbedigital.com.ar\/noticias\/2023\/11\/29\/anuncian-la-primera-exposicion-de-productos-fabricados-con-plastico-reciclado\/","title":{"rendered":"Anuncian la primera exposici\u00f3n de productos fabricados con pl\u00e1stico reciclado"},"content":{"rendered":"<p>&nbsp;<\/p>\n<h6><strong>El evento, denominado Expo Reciclado 2023, se realizar\u00e1 en el Centro Recreativo Parque Frontera, ubicado en Esteban Echeverr\u00eda.<\/strong><\/h6>\n<p>Con el lema \u201cEl pl\u00e1stico tiene otras vidas\u201d, se llevar\u00e1 a cabo el 5 de diciembre la primera exposici\u00f3n en Argentina de productos fabricados con pl\u00e1stico reciclado o reutilizado.<\/p>\n<p>La exposici\u00f3n reunir\u00e1 a diversas empresas y emprendedores comprometidos con la sustentabilidad, promoviendo la econom\u00eda circular y contribuyendo a la protecci\u00f3n del medio ambiente. El objetivo central es destacar que el pl\u00e1stico no es un residuo, sino un recurso para la econom\u00eda circular, buscando prolongar la vida \u00fatil de materiales, productos y recursos naturales para reducir la generaci\u00f3n de residuos.<\/p>\n<p>El pl\u00e1stico, siendo uno de los materiales m\u00e1s reutilizables disponibles, ser\u00e1 el protagonista de la exposici\u00f3n, donde empresas presentar\u00e1n una variedad de productos fabricados con pl\u00e1stico reciclado.<\/p>\n<p>Desde juguetes hasta herramientas de limpieza, anteojos, macetas, mochilas, bolsos, decks, revestimientos, envases y productos similares a la madera, entre otros, demostrar\u00e1n las m\u00faltiples posibilidades de transformaci\u00f3n que ofrece el pl\u00e1stico reciclado.<\/p>\n<p>En un contexto donde la sostenibilidad es cada vez m\u00e1s relevante, el reciclaje de pl\u00e1stico se presenta como una parte esencial de la respuesta a los desaf\u00edos ambientales. Datos recientes indican que en 2022 se recuperaron 343,000 toneladas de pl\u00e1sticos en Argentina, contribuyendo significativamente a la reducci\u00f3n de emisiones de di\u00f3xido de carbono.<\/p>\n<p>Alberto Mur\u00faa, secretario general de la Uni\u00f3n Obreros y Empleados Pl\u00e1sticos (UOYEP), expres\u00f3: \u201cNuestro prop\u00f3sito es visibilizar que el pl\u00e1stico tiene otras vidas. Es importante que se conozca el valor agregado que tienen los productos de uso diario fabricados con pl\u00e1stico reciclado\u201d.<\/p>\n<p>&nbsp;<\/p>\n","protected":false},"excerpt":{"rendered":"<p>&nbsp; El evento, denominado Expo Reciclado 2023, se realizar\u00e1 en el Centro Recreativo Parque Frontera, ubicado en Esteban Echeverr\u00eda. Con<\/p>\n","protected":false},"author":1,"featured_media":98776,"comment_status":"closed","ping_status":"closed","sticky":false,"template":"","format":"standard","meta":{"kia_subtitle":"","footnotes":"","jetpack_publicize_message":"","jetpack_publicize_feature_enabled":true,"jetpack_social_post_already_shared":true,"jetpack_social_options":{"image_generator_settings":{"template":"highway","default_image_id":0,"font":"","enabled":false},"version":2}},"categories":[3,13,22],"tags":[],"class_list":["post-98775","post","type-post","status-publish","format-standard","has-post-thumbnail","hentry","category-actualidad","category-region","category-esteban-echeverria"],"jetpack_publicize_connections":[],"jetpack_featured_media_url":"https:\/\/laurbedigital.com.ar\/noticias\/wp-content\/uploads\/2023\/11\/20231129-Plastico-reciclado.jpg","_links":{"self":[{"href":"https:\/\/laurbedigital.com.ar\/noticias\/wp-json\/wp\/v2\/posts\/98775","targetHints":{"allow":["GET"]}}],"collection":[{"href":"https:\/\/laurbedigital.com.ar\/noticias\/wp-json\/wp\/v2\/posts"}],"about":[{"href":"https:\/\/laurbedigital.com.ar\/noticias\/wp-json\/wp\/v2\/types\/post"}],"author":[{"embeddable":true,"href":"https:\/\/laurbedigital.com.ar\/noticias\/wp-json\/wp\/v2\/users\/1"}],"replies":[{"embeddable":true,"href":"https:\/\/laurbedigital.com.ar\/noticias\/wp-json\/wp\/v2\/comments?post=98775"}],"version-history":[{"count":3,"href":"https:\/\/laurbedigital.com.ar\/noticias\/wp-json\/wp\/v2\/posts\/98775\/revisions"}],"predecessor-version":[{"id":98779,"href":"https:\/\/laurbedigital.com.ar\/noticias\/wp-json\/wp\/v2\/posts\/98775\/revisions\/98779"}],"wp:featuredmedia":[{"embeddable":true,"href":"https:\/\/laurbedigital.com.ar\/noticias\/wp-json\/wp\/v2\/media\/98776"}],"wp:attachment":[{"href":"https:\/\/laurbedigital.com.ar\/noticias\/wp-json\/wp\/v2\/media?parent=98775"}],"wp:term":[{"taxonomy":"category","embeddable":true,"href":"https:\/\/laurbedigital.com.ar\/noticias\/wp-json\/wp\/v2\/categories?post=98775"},{"taxonomy":"post_tag","embeddable":true,"href":"https:\/\/laurbedigital.com.ar\/noticias\/wp-json\/wp\/v2\/tags?post=98775"}],"curies":[{"name":"wp","href":"https:\/\/api.w.org\/{rel}","templated":true}]}}