{"id":98435,"date":"2023-11-22T14:05:19","date_gmt":"2023-11-22T17:05:19","guid":{"rendered":"https:\/\/laurbedigital.com.ar\/noticias\/?p=98435"},"modified":"2023-11-22T14:05:19","modified_gmt":"2023-11-22T17:05:19","slug":"cascallares-y-larroque-inauguraron-una-nueva-unidad-productiva-sustentable","status":"publish","type":"post","link":"https:\/\/laurbedigital.com.ar\/noticias\/2023\/11\/22\/cascallares-y-larroque-inauguraron-una-nueva-unidad-productiva-sustentable\/","title":{"rendered":"Cascallares y Larroque inauguraron una nueva unidad productiva sustentable"},"content":{"rendered":"<p>&nbsp;<\/p>\n<h6 style=\"font-weight: 400;\"><strong>El ministro de Desarrollo de la Comunidad de la Provincia de Buenos Aires, Andr\u00e9s Larroque, recorri\u00f3 junto a Mariano Cascallares y a Juan Fabiani la nueva nave \u201cProductiva Sustentable, Reciclado y Construcci\u00f3n\u201d en el Parque Industrial de Federaci\u00f3n Uni\u00f3n Nacional de Cooperativas Argentinas de Trabajo (FUNCAT), ubicado en el barrio Don Orione.<\/strong><\/h6>\n<p style=\"font-weight: 400;\">La actividad se llev\u00f3 adelante en el predio situado en R\u00f3mulo Chiappe N\u00b0 599, en la localidad de San Francisco de As\u00eds, donde las autoridades, en compa\u00f1\u00eda del presidente de FUNCAT, Mart\u00edn Villalba, visitaron las instalaciones de este nuevo espacio de trabajo cooperativo.<\/p>\n<p>Esta jornada incluy\u00f3 el tradicional corte de cintas en las instalaciones de esta nueva unidad productiva sustentable que se suma en Almirante Brown y que tiene como eje el reciclado y la construcci\u00f3n, fomentando el trabajo y tambi\u00e9n la conciencia y el cuidado ambiental.<\/p>\n<p><img loading=\"lazy\" decoding=\"async\" class=\"alignnone size-full wp-image-98439\" src=\"https:\/\/laurbedigital.com.ar\/noticias\/wp-content\/uploads\/2023\/11\/produccion319556.jpg\" alt=\"\" width=\"1600\" height=\"1067\" title=\"\" srcset=\"https:\/\/laurbedigital.com.ar\/noticias\/wp-content\/uploads\/2023\/11\/produccion319556.jpg 1600w, https:\/\/laurbedigital.com.ar\/noticias\/wp-content\/uploads\/2023\/11\/produccion319556-300x200.jpg 300w, https:\/\/laurbedigital.com.ar\/noticias\/wp-content\/uploads\/2023\/11\/produccion319556-1024x683.jpg 1024w, https:\/\/laurbedigital.com.ar\/noticias\/wp-content\/uploads\/2023\/11\/produccion319556-768x512.jpg 768w, https:\/\/laurbedigital.com.ar\/noticias\/wp-content\/uploads\/2023\/11\/produccion319556-1536x1024.jpg 1536w\" sizes=\"auto, (max-width: 1600px) 100vw, 1600px\" \/><\/p>\n<h6 style=\"font-weight: 400;\">\u201cPara nosotros es una inmensa alegr\u00eda recorrer junto a Andr\u00e9s (Larroque) las nuevas instalaciones de este flamante polo productivo de FUNCAT en Don Orione que en esta oportunidad suma una nueva unidad vinculada al reciclado y la construcci\u00f3n\u201d, destac\u00f3 Mariano Cascallares.<\/h6>\n<h6 style=\"font-weight: 400;\">En esa l\u00ednea, resalt\u00f3 el trabajo de los cooperativistas nucleados en FUNCAT y tambi\u00e9n agradeci\u00f3 el \u201cgran trabajo articulado con el Gobierno de la Provincia de Buenos Aires\u201d.<\/h6>\n<p style=\"font-weight: 400;\">Dijeron presente la secretar\u00eda de Desarrollo, Seguridad Social y Derechos Humanos, B\u00e1rbara Mi\u00f1\u00e1n; la delegada Municipal de San Francisco de As\u00eds, Mabel Klehb; el presidente del Instituto Nacional de Asociativismo y Econom\u00eda Social (INAES), Alexandre Roig; el director Provincial de Acci\u00f3n Cooperativa del Ministerio de Producci\u00f3n, Ciencia e Innovaci\u00f3n Tecnol\u00f3gica, Santiago Iori.<\/p>\n<p><img loading=\"lazy\" decoding=\"async\" class=\"alignnone size-full wp-image-98438\" src=\"https:\/\/laurbedigital.com.ar\/noticias\/wp-content\/uploads\/2023\/11\/produccion219557.jpg\" alt=\"\" width=\"1600\" height=\"1067\" title=\"\" srcset=\"https:\/\/laurbedigital.com.ar\/noticias\/wp-content\/uploads\/2023\/11\/produccion219557.jpg 1600w, https:\/\/laurbedigital.com.ar\/noticias\/wp-content\/uploads\/2023\/11\/produccion219557-300x200.jpg 300w, https:\/\/laurbedigital.com.ar\/noticias\/wp-content\/uploads\/2023\/11\/produccion219557-1024x683.jpg 1024w, https:\/\/laurbedigital.com.ar\/noticias\/wp-content\/uploads\/2023\/11\/produccion219557-768x512.jpg 768w, https:\/\/laurbedigital.com.ar\/noticias\/wp-content\/uploads\/2023\/11\/produccion219557-1536x1024.jpg 1536w\" sizes=\"auto, (max-width: 1600px) 100vw, 1600px\" \/><\/p>\n<p>Tambi\u00e9n estuvieron el director del Patronato de Liberados Bonaerenses, An\u00edbal Hnatiuk, y el juez del Tribunal Oral Criminal N\u00b0 7, Dr. Roberto Conti, adem\u00e1s de cooperativistas y mutualistas de las filiales FUNCAT de Santa Fe, C\u00f3rdoba, Mendoza, Tierra del Fuego, Catamarca y Tucum\u00e1n.<\/p>\n<p><img loading=\"lazy\" decoding=\"async\" class=\"alignnone size-full wp-image-98440\" src=\"https:\/\/laurbedigital.com.ar\/noticias\/wp-content\/uploads\/2023\/11\/produccion419558.jpg\" alt=\"\" width=\"1600\" height=\"1067\" title=\"\" srcset=\"https:\/\/laurbedigital.com.ar\/noticias\/wp-content\/uploads\/2023\/11\/produccion419558.jpg 1600w, https:\/\/laurbedigital.com.ar\/noticias\/wp-content\/uploads\/2023\/11\/produccion419558-300x200.jpg 300w, https:\/\/laurbedigital.com.ar\/noticias\/wp-content\/uploads\/2023\/11\/produccion419558-1024x683.jpg 1024w, https:\/\/laurbedigital.com.ar\/noticias\/wp-content\/uploads\/2023\/11\/produccion419558-768x512.jpg 768w, https:\/\/laurbedigital.com.ar\/noticias\/wp-content\/uploads\/2023\/11\/produccion419558-1536x1024.jpg 1536w\" sizes=\"auto, (max-width: 1600px) 100vw, 1600px\" \/><\/p>\n","protected":false},"excerpt":{"rendered":"<p>&nbsp; El ministro de Desarrollo de la Comunidad de la Provincia de Buenos Aires, Andr\u00e9s Larroque, recorri\u00f3 junto a Mariano<\/p>\n","protected":false},"author":1,"featured_media":98436,"comment_status":"closed","ping_status":"closed","sticky":false,"template":"","format":"standard","meta":{"kia_subtitle":"","footnotes":"","jetpack_publicize_message":"","jetpack_publicize_feature_enabled":true,"jetpack_social_post_already_shared":true,"jetpack_social_options":{"image_generator_settings":{"template":"highway","default_image_id":0,"font":"","enabled":false},"version":2}},"categories":[2,33,249],"tags":[],"class_list":["post-98435","post","type-post","status-publish","format-standard","has-post-thumbnail","hentry","category-alte-brown","category-alte-brown-alte-brown","category-don-orione"],"jetpack_publicize_connections":[],"jetpack_featured_media_url":"https:\/\/laurbedigital.com.ar\/noticias\/wp-content\/uploads\/2023\/11\/20231122-Brown-Cascallares-producccion.jpg","_links":{"self":[{"href":"https:\/\/laurbedigital.com.ar\/noticias\/wp-json\/wp\/v2\/posts\/98435","targetHints":{"allow":["GET"]}}],"collection":[{"href":"https:\/\/laurbedigital.com.ar\/noticias\/wp-json\/wp\/v2\/posts"}],"about":[{"href":"https:\/\/laurbedigital.com.ar\/noticias\/wp-json\/wp\/v2\/types\/post"}],"author":[{"embeddable":true,"href":"https:\/\/laurbedigital.com.ar\/noticias\/wp-json\/wp\/v2\/users\/1"}],"replies":[{"embeddable":true,"href":"https:\/\/laurbedigital.com.ar\/noticias\/wp-json\/wp\/v2\/comments?post=98435"}],"version-history":[{"count":2,"href":"https:\/\/laurbedigital.com.ar\/noticias\/wp-json\/wp\/v2\/posts\/98435\/revisions"}],"predecessor-version":[{"id":98442,"href":"https:\/\/laurbedigital.com.ar\/noticias\/wp-json\/wp\/v2\/posts\/98435\/revisions\/98442"}],"wp:featuredmedia":[{"embeddable":true,"href":"https:\/\/laurbedigital.com.ar\/noticias\/wp-json\/wp\/v2\/media\/98436"}],"wp:attachment":[{"href":"https:\/\/laurbedigital.com.ar\/noticias\/wp-json\/wp\/v2\/media?parent=98435"}],"wp:term":[{"taxonomy":"category","embeddable":true,"href":"https:\/\/laurbedigital.com.ar\/noticias\/wp-json\/wp\/v2\/categories?post=98435"},{"taxonomy":"post_tag","embeddable":true,"href":"https:\/\/laurbedigital.com.ar\/noticias\/wp-json\/wp\/v2\/tags?post=98435"}],"curies":[{"name":"wp","href":"https:\/\/api.w.org\/{rel}","templated":true}]}}