{"id":98247,"date":"2023-11-17T17:17:01","date_gmt":"2023-11-17T20:17:01","guid":{"rendered":"https:\/\/laurbedigital.com.ar\/noticias\/?p=98247"},"modified":"2023-11-17T17:17:25","modified_gmt":"2023-11-17T20:17:25","slug":"a-dos-dias-del-balotaje-un-detenido-en-cordoba-por-las-amenazas-de-muerte-a-massa-y-a-su-familia","status":"publish","type":"post","link":"https:\/\/laurbedigital.com.ar\/noticias\/2023\/11\/17\/a-dos-dias-del-balotaje-un-detenido-en-cordoba-por-las-amenazas-de-muerte-a-massa-y-a-su-familia\/","title":{"rendered":"A dos d\u00edas del balotaje un detenido en C\u00f3rdoba por las amenazas de muerte a Massa y a su familia"},"content":{"rendered":"<div class=\"volanta\">\n<h6><\/h6>\n<h6 class=\"time\"><strong>El sospechoso fue apresado en una oficina comercial de la zona c\u00e9ntrica de la capital cordobesa, por orden de la jueza federal Mar\u00eda Romilda Servinni.<\/strong><\/h6>\n<\/div>\n<div>\n<p>Una persona fue detenida este viernes en la ciudad de C\u00f3rdoba por efectivos de la Polic\u00eda Federal, presuntamente vinculada a las amenazas de muerte por redes sociales de las que fueron v\u00edctimas el ministro de Econom\u00eda y candidato presidencial de Uni\u00f3n por la Patria (UxP), Sergio Massa, y su familia.<\/p>\n<p>El operativo de allanamiento y detenci\u00f3n de la persona, cuyos datos no fueron suministrados, fue ordenado por la jueza federal con competencia electoral de la Ciudad Aut\u00f3noma de Buenos Aires (CABA),\u00a0<strong>Mar\u00eda Romilda Servini<\/strong>, y se realiz\u00f3\u00a0<strong>en una oficina comercial de la zona c\u00e9ntrica de la capital cordobesa.<\/strong><\/p>\n<p>Un hermano del detenido, quien no se identific\u00f3, habl\u00f3 con el canal 12 de C\u00f3rdoba y se manifest\u00f3 con \u201cbronca y un poco de miedo\u201d, al sostener que su hermano s\u00f3lo dijo \u201cpalabras desafortunadas, comentarios democr\u00e1ticos sobre ideolog\u00eda que se hacen por redes sociales\u201d, aunque afirm\u00f3 que desconoce el contenido de esas manifestaciones.<\/p>\n<p>En tanto, el hombre detall\u00f3 que esta ma\u00f1ana el personal policial se hizo presente en la oficina donde trabajan y se llevaron detenido a su hermano:<strong>\u00a0\u00abAl parecer al Gobierno no le gust\u00f3 lo que dijo por redes sociales\u00bb<\/strong>, dijo.<\/p>\n<p>Este jueves, la jueza Servini orden\u00f3 investigar amenazas de muerte lanzadas contra la esposa de Sergio Massa y titular de la empresa estatal de aguas AySA,\u00a0<strong>Malena Galmarini<\/strong>, y los hijos del matrimonio, Milagros y Tom\u00e1s, que fueron emitidas a trav\u00e9s de redes sociales.<\/p>\n<p>La magistrada tambi\u00e9n\u00a0<strong>orden\u00f3 una custodia para Galmarini y sus hijos<\/strong>, a la vez que pidi\u00f3 la intervenci\u00f3n de la Divisi\u00f3n de Delitos Inform\u00e1ticos de la Polic\u00eda Federal Argentina, que se encuentra investigando el caso.<\/p>\n<p>Galmarini realiz\u00f3 la denuncia el 3 de noviembre pasado luego de que\u00a0<strong>dos cuentas de TikTok difundieran datos personales de su familia, entre ellos los tel\u00e9fonos celulares de la funcionaria y de sus hijos, por lo que comenzaron a recibir amenazas por redes sociales y tambi\u00e9n en WhatsApp<\/strong>, indicaron fuentes judiciales a T\u00e9lam,<\/p>\n<p>\u00abA m\u00ed me toc\u00f3 hace tres semanas\u2026por orden de la jueza Servini mi familia est\u00e1 con seguridad, por un tema de amenazas reiteradas\u00bb, revel\u00f3 Massa al mediod\u00eda durante un encuentro que mantuvo con empresarios en el Alvear Palace Hotel.<\/p>\n<p>Luego exhort\u00f3 a \u00abdejar atr\u00e1s la venganza, el amigo-enemigo, la grieta y construir una Argentina donde el di\u00e1logo, el acuerdo y los consensos de Estado sean la regla\u00bb.<\/p>\n<p>El mi\u00e9rcoles tambi\u00e9n la presidenta de la C\u00e1mara de Diputados,\u00a0<strong>Cecilia Moreau<\/strong>, present\u00f3 una denuncia penal por amenazas que recibi\u00f3 en redes sociales y en su cuenta de mail.<\/p>\n<p>El correo que recibi\u00f3 en su cuenta oficial de diputada proven\u00eda de personas que reivindicaban al candidato de La Libertad Avanza (LLA), Javier Milei.<\/p>\n<p>Ese mensaje fue recibido por otros legisladores, entre ellos Romina del Pl\u00e1 y Juan Carlos Alderete, quienes hicieron p\u00fablico que tambi\u00e9n recibieron la amenaza.<\/p>\n<\/div>\n<div><\/div>\n","protected":false},"excerpt":{"rendered":"<p>El sospechoso fue apresado en una oficina comercial de la zona c\u00e9ntrica de la capital cordobesa, por orden de la<\/p>\n","protected":false},"author":1,"featured_media":98248,"comment_status":"closed","ping_status":"closed","sticky":false,"template":"","format":"standard","meta":{"kia_subtitle":"","footnotes":"","jetpack_publicize_message":"","jetpack_publicize_feature_enabled":true,"jetpack_social_post_already_shared":true,"jetpack_social_options":{"image_generator_settings":{"template":"highway","default_image_id":0,"font":"","enabled":false},"version":2}},"categories":[3,41],"tags":[],"class_list":["post-98247","post","type-post","status-publish","format-standard","has-post-thumbnail","hentry","category-actualidad","category-nacionales"],"jetpack_publicize_connections":[],"jetpack_featured_media_url":"https:\/\/laurbedigital.com.ar\/noticias\/wp-content\/uploads\/2023\/11\/20231117-Massa3.jpg","_links":{"self":[{"href":"https:\/\/laurbedigital.com.ar\/noticias\/wp-json\/wp\/v2\/posts\/98247","targetHints":{"allow":["GET"]}}],"collection":[{"href":"https:\/\/laurbedigital.com.ar\/noticias\/wp-json\/wp\/v2\/posts"}],"about":[{"href":"https:\/\/laurbedigital.com.ar\/noticias\/wp-json\/wp\/v2\/types\/post"}],"author":[{"embeddable":true,"href":"https:\/\/laurbedigital.com.ar\/noticias\/wp-json\/wp\/v2\/users\/1"}],"replies":[{"embeddable":true,"href":"https:\/\/laurbedigital.com.ar\/noticias\/wp-json\/wp\/v2\/comments?post=98247"}],"version-history":[{"count":3,"href":"https:\/\/laurbedigital.com.ar\/noticias\/wp-json\/wp\/v2\/posts\/98247\/revisions"}],"predecessor-version":[{"id":98251,"href":"https:\/\/laurbedigital.com.ar\/noticias\/wp-json\/wp\/v2\/posts\/98247\/revisions\/98251"}],"wp:featuredmedia":[{"embeddable":true,"href":"https:\/\/laurbedigital.com.ar\/noticias\/wp-json\/wp\/v2\/media\/98248"}],"wp:attachment":[{"href":"https:\/\/laurbedigital.com.ar\/noticias\/wp-json\/wp\/v2\/media?parent=98247"}],"wp:term":[{"taxonomy":"category","embeddable":true,"href":"https:\/\/laurbedigital.com.ar\/noticias\/wp-json\/wp\/v2\/categories?post=98247"},{"taxonomy":"post_tag","embeddable":true,"href":"https:\/\/laurbedigital.com.ar\/noticias\/wp-json\/wp\/v2\/tags?post=98247"}],"curies":[{"name":"wp","href":"https:\/\/api.w.org\/{rel}","templated":true}]}}