{"id":98230,"date":"2023-11-17T16:33:44","date_gmt":"2023-11-17T19:33:44","guid":{"rendered":"https:\/\/laurbedigital.com.ar\/noticias\/?p=98230"},"modified":"2023-11-17T16:34:02","modified_gmt":"2023-11-17T19:34:02","slug":"este-domingo-de-balotaje-habra-transporte-publico-gratuito-en-alte-brown","status":"publish","type":"post","link":"https:\/\/laurbedigital.com.ar\/noticias\/2023\/11\/17\/este-domingo-de-balotaje-habra-transporte-publico-gratuito-en-alte-brown\/","title":{"rendered":"Este domingo de balotaje habr\u00e1 transporte\u00a0p\u00fablico gratuito en Alte Brown"},"content":{"rendered":"<h6><\/h6>\n<h6><strong>El Municipio de Almirante Brown inform\u00f3 que adhiri\u00f3 a la iniciativa del Ministerio de Transporte de la Provincia de Buenos Aires que estableci\u00f3 la gratuidad del transporte p\u00fablico para este domingo 19 de noviembre, con el objetivo de consolidar la participaci\u00f3n ciudadana y garantizar el derecho a voto en el Balotaje.<\/strong><\/h6>\n<div>\n<p>La normativa abarca tanto a transporte\u00a0de colectivos como de trenes durante todo el d\u00eda y con una frecuencia de s\u00e1bado, con la impronta de garantizar el traslado de los vecinos y vecinas de nuestra regi\u00f3n.<\/p>\n<p>Se trata del decreto 225\/23 de la mencionada cartera provincial que establece la gratuidad de todo el transporte\u00a0p\u00fablico automotor de tipo urbano, interurbano de media distancia y larga distancia y de los servicios de transporte\u00a0p\u00fablico fluvial.<\/p>\n<p>La normativa incluye, adem\u00e1s, la adhesi\u00f3n a la resoluci\u00f3n 610\/23 del Ministerio de Transporte\u00a0de la Naci\u00f3n, con la gratuidad del transporte\u00a0urbano ferroviario.<\/p>\n<p><img loading=\"lazy\" decoding=\"async\" class=\"alignnone size-full wp-image-98226\" src=\"https:\/\/laurbedigital.com.ar\/noticias\/wp-content\/uploads\/2023\/11\/20231117-Brown-Colectivos1.jpg\" alt=\"\" width=\"768\" height=\"428\" title=\"\" srcset=\"https:\/\/laurbedigital.com.ar\/noticias\/wp-content\/uploads\/2023\/11\/20231117-Brown-Colectivos1.jpg 768w, https:\/\/laurbedigital.com.ar\/noticias\/wp-content\/uploads\/2023\/11\/20231117-Brown-Colectivos1-300x167.jpg 300w\" sizes=\"auto, (max-width: 768px) 100vw, 768px\" \/><\/p>\n<p>De esta manera, este domingo 19 de noviembre en la Segunda Vuelta Electoral \u00ablos vecinos y vecinas de Almirante Brown podr\u00e1n acercarse a los centros de votaci\u00f3n a cumplir con su compromiso con la democracia\u00bb, indic\u00f3 Mariano Cascallares.<\/p>\n<\/div>\n<div><\/div>\n","protected":false},"excerpt":{"rendered":"<p>El Municipio de Almirante Brown inform\u00f3 que adhiri\u00f3 a la iniciativa del Ministerio de Transporte de la Provincia de Buenos<\/p>\n","protected":false},"author":1,"featured_media":98225,"comment_status":"closed","ping_status":"closed","sticky":false,"template":"","format":"standard","meta":{"kia_subtitle":"","footnotes":"","jetpack_publicize_message":"","jetpack_publicize_feature_enabled":true,"jetpack_social_post_already_shared":true,"jetpack_social_options":{"image_generator_settings":{"template":"highway","default_image_id":0,"font":"","enabled":false},"version":2}},"categories":[2,33],"tags":[],"class_list":["post-98230","post","type-post","status-publish","format-standard","has-post-thumbnail","hentry","category-alte-brown","category-alte-brown-alte-brown"],"jetpack_publicize_connections":[],"jetpack_featured_media_url":"https:\/\/laurbedigital.com.ar\/noticias\/wp-content\/uploads\/2023\/11\/20231117-Brown-Colectivos.jpg","_links":{"self":[{"href":"https:\/\/laurbedigital.com.ar\/noticias\/wp-json\/wp\/v2\/posts\/98230","targetHints":{"allow":["GET"]}}],"collection":[{"href":"https:\/\/laurbedigital.com.ar\/noticias\/wp-json\/wp\/v2\/posts"}],"about":[{"href":"https:\/\/laurbedigital.com.ar\/noticias\/wp-json\/wp\/v2\/types\/post"}],"author":[{"embeddable":true,"href":"https:\/\/laurbedigital.com.ar\/noticias\/wp-json\/wp\/v2\/users\/1"}],"replies":[{"embeddable":true,"href":"https:\/\/laurbedigital.com.ar\/noticias\/wp-json\/wp\/v2\/comments?post=98230"}],"version-history":[{"count":4,"href":"https:\/\/laurbedigital.com.ar\/noticias\/wp-json\/wp\/v2\/posts\/98230\/revisions"}],"predecessor-version":[{"id":98234,"href":"https:\/\/laurbedigital.com.ar\/noticias\/wp-json\/wp\/v2\/posts\/98230\/revisions\/98234"}],"wp:featuredmedia":[{"embeddable":true,"href":"https:\/\/laurbedigital.com.ar\/noticias\/wp-json\/wp\/v2\/media\/98225"}],"wp:attachment":[{"href":"https:\/\/laurbedigital.com.ar\/noticias\/wp-json\/wp\/v2\/media?parent=98230"}],"wp:term":[{"taxonomy":"category","embeddable":true,"href":"https:\/\/laurbedigital.com.ar\/noticias\/wp-json\/wp\/v2\/categories?post=98230"},{"taxonomy":"post_tag","embeddable":true,"href":"https:\/\/laurbedigital.com.ar\/noticias\/wp-json\/wp\/v2\/tags?post=98230"}],"curies":[{"name":"wp","href":"https:\/\/api.w.org\/{rel}","templated":true}]}}