{"id":98149,"date":"2023-11-16T03:34:42","date_gmt":"2023-11-16T06:34:42","guid":{"rendered":"https:\/\/laurbedigital.com.ar\/noticias\/?p=98149"},"modified":"2023-11-16T03:34:42","modified_gmt":"2023-11-16T06:34:42","slug":"eduardo-eurnekian-hablo-de-javier-milei-como-empleado-de-su-empresa-y-dijo-que-de-3-700-uno-salio-fallado","status":"publish","type":"post","link":"https:\/\/laurbedigital.com.ar\/noticias\/2023\/11\/16\/eduardo-eurnekian-hablo-de-javier-milei-como-empleado-de-su-empresa-y-dijo-que-de-3-700-uno-salio-fallado\/","title":{"rendered":"Eduardo Eurnekian habl\u00f3 de Javier Milei como empleado de su empresa y dijo que de 3.700 uno \u201csali\u00f3 fallado\u201d"},"content":{"rendered":"<p>&nbsp;<\/p>\n<h6><strong>El empresario hizo declaraciones a la prensa en la puerta del Hotel Alvear, antes de ingresar a un encuentro organizado por el Consejo Interamericano de Comercio y Producci\u00f3n.<\/strong><\/h6>\n<p>El empresario Eduardo Eurnekian critic\u00f3 hoy al candidato de La Libertad Avanza (LLA), Javier Milei, quien a\u00f1os atr\u00e1s se desempe\u00f1\u00f3 como empleado en una de sus compa\u00f1\u00edas y al que ahora, a cuatro d\u00edas del balotaje presidencial, calific\u00f3 de \u201cfallado\u201d, aunque luego aclar\u00f3 que no lo dijo con una \u201cconnotaci\u00f3n negativa\u201d.<\/p>\n<p>\u201cTengo 3.700 \u00f1atos que trabajan para la empresa. Uno sali\u00f3 fallado, \u00bfqu\u00e9 quer\u00e9s que haga?\u201d, afirm\u00f3 entre risas Eurnekian, due\u00f1o de Corporaci\u00f3n Am\u00e9rica, el holding que incluye a Aeropuertos Argentina 2000 entre sus principales activos.<\/p>\n<p>Luego aclar\u00f3 el sentido de sus palabras: \u201cAlguno puede salir fallado, en el sentido de una excepci\u00f3n a la regla y que busque la Presidencia\u201d y se\u00f1al\u00f3 que dijo la palabra \u201cfallado\u201d pero \u201csin connotaci\u00f3n negativa\u201d.<\/p>\n<blockquote class=\"twitter-tweet\">\n<p dir=\"ltr\" lang=\"es\"> EURNEKIAN SOBRE MILEI: \u00abTENGO 3.700 EMPLEADOS, UNO SALI\u00d3 FALLADO, \u00bfQU\u00c9 QUER\u00c9S?\u00bb<\/p>\n<p> La definici\u00f3n del empresario cuando llegaba a la reuni\u00f3n con Javier Milei, quien fue empleado suyo.<\/p>\n<p> <a href=\"https:\/\/twitter.com\/GaboSanfilippo?ref_src=twsrc%5Etfw\" target=\"_blank\" rel=\"noopener\">@GaboSanfilippo<\/a> <a href=\"https:\/\/twitter.com\/hashtag\/ElAmorEsMasFuerte?src=hash&amp;ref_src=twsrc%5Etfw\" target=\"_blank\" rel=\"noopener\">#ElAmorEsMasFuerte<\/a> <a href=\"https:\/\/t.co\/VEtAXbYhtF\">pic.twitter.com\/VEtAXbYhtF<\/a><\/p>\n<p>\u2014 Radio 10 &#8211; AM 710 (@Radio10) <a href=\"https:\/\/twitter.com\/Radio10\/status\/1724829611261927457?ref_src=twsrc%5Etfw\" target=\"_blank\" rel=\"noopener\">November 15, 2023<\/a><\/p><\/blockquote>\n<p><script async src=\"https:\/\/platform.twitter.com\/widgets.js\" charset=\"utf-8\"><\/script><\/p>\n<p>Eurnekian hizo declaraciones a la prensa en la puerta del Hotel Alvear, en el barrio porte\u00f1o de Retiro, antes de ingresar a un encuentro organizado por Comercio Interamericano de Comercio y Producci\u00f3n (Cicyp), donde Milei disertar\u00e1 este mi\u00e9rcoles frente a los principales empresarios de la industria y el sector agropecuario de la Argentina.<\/p>\n<p>All\u00ed los periodistas le preguntaron a Eurnekian por qu\u00e9 cre\u00eda que estaba \u201cmal visto haber trabajado\u201d en sus empresas y le citaron el caso de Milei, con quien en el \u00faltimo tiempo mantuvo una serie de entredichos.<\/p>\n<p>Uno de los \u00faltimos fue en septiembre pasado, cuando Eurnekian afirm\u00f3 que Milei \u201cno est\u00e1 a la altura para juzgar ni para opinar sobre el Papa\u201d, a quien el candidato libertario agravi\u00f3 en distintas declaraciones.<\/p>\n<p>\u201cSus opiniones son totalmente fuera de lugar, no est\u00e1 a la altura ni para juzgar al Papa, ni para opinar, ni para dar una pauta de cu\u00e1les son las actitudes que deber\u00eda asumir el Papa, bajo ning\u00fan punto de vista\u201d, apunt\u00f3 Eurnekian en una entrevista que concedi\u00f3 a Radio Perfil.<\/p>\n<p>En esa ocasi\u00f3n, el due\u00f1o de la Corporaci\u00f3n Am\u00e9rica neg\u00f3 mantener ahora v\u00ednculos laborales con el referente libertario.<\/p>\n","protected":false},"excerpt":{"rendered":"<p>&nbsp; El empresario hizo declaraciones a la prensa en la puerta del Hotel Alvear, antes de ingresar a un encuentro<\/p>\n","protected":false},"author":1,"featured_media":98150,"comment_status":"closed","ping_status":"closed","sticky":false,"template":"","format":"standard","meta":{"kia_subtitle":"","footnotes":"","jetpack_publicize_message":"","jetpack_publicize_feature_enabled":true,"jetpack_social_post_already_shared":true,"jetpack_social_options":{"image_generator_settings":{"template":"highway","default_image_id":0,"font":"","enabled":false},"version":2}},"categories":[3,41],"tags":[],"class_list":["post-98149","post","type-post","status-publish","format-standard","has-post-thumbnail","hentry","category-actualidad","category-nacionales"],"jetpack_publicize_connections":[],"jetpack_featured_media_url":"https:\/\/laurbedigital.com.ar\/noticias\/wp-content\/uploads\/2023\/11\/20231116-Eduardo-Eurnekian.jpg","_links":{"self":[{"href":"https:\/\/laurbedigital.com.ar\/noticias\/wp-json\/wp\/v2\/posts\/98149","targetHints":{"allow":["GET"]}}],"collection":[{"href":"https:\/\/laurbedigital.com.ar\/noticias\/wp-json\/wp\/v2\/posts"}],"about":[{"href":"https:\/\/laurbedigital.com.ar\/noticias\/wp-json\/wp\/v2\/types\/post"}],"author":[{"embeddable":true,"href":"https:\/\/laurbedigital.com.ar\/noticias\/wp-json\/wp\/v2\/users\/1"}],"replies":[{"embeddable":true,"href":"https:\/\/laurbedigital.com.ar\/noticias\/wp-json\/wp\/v2\/comments?post=98149"}],"version-history":[{"count":2,"href":"https:\/\/laurbedigital.com.ar\/noticias\/wp-json\/wp\/v2\/posts\/98149\/revisions"}],"predecessor-version":[{"id":98152,"href":"https:\/\/laurbedigital.com.ar\/noticias\/wp-json\/wp\/v2\/posts\/98149\/revisions\/98152"}],"wp:featuredmedia":[{"embeddable":true,"href":"https:\/\/laurbedigital.com.ar\/noticias\/wp-json\/wp\/v2\/media\/98150"}],"wp:attachment":[{"href":"https:\/\/laurbedigital.com.ar\/noticias\/wp-json\/wp\/v2\/media?parent=98149"}],"wp:term":[{"taxonomy":"category","embeddable":true,"href":"https:\/\/laurbedigital.com.ar\/noticias\/wp-json\/wp\/v2\/categories?post=98149"},{"taxonomy":"post_tag","embeddable":true,"href":"https:\/\/laurbedigital.com.ar\/noticias\/wp-json\/wp\/v2\/tags?post=98149"}],"curies":[{"name":"wp","href":"https:\/\/api.w.org\/{rel}","templated":true}]}}