{"id":97948,"date":"2023-11-12T04:13:05","date_gmt":"2023-11-12T07:13:05","guid":{"rendered":"https:\/\/laurbedigital.com.ar\/noticias\/?p=97948"},"modified":"2023-11-12T04:16:56","modified_gmt":"2023-11-12T07:16:56","slug":"los-bancos-bonaerenses-tendran-nuevo-horario-de-atencion","status":"publish","type":"post","link":"https:\/\/laurbedigital.com.ar\/noticias\/2023\/11\/12\/los-bancos-bonaerenses-tendran-nuevo-horario-de-atencion\/","title":{"rendered":"Los bancos bonaerenses tendr\u00e1n nuevo horario de atenci\u00f3n"},"content":{"rendered":"<p>&nbsp;<\/p>\n<h6 class=\"ftitulo cbajada fz18 lh25\"><strong>Las entidades bancarias de la provincia de Buenos Aires adelantaron c\u00f3mo ser\u00e1 la atenci\u00f3n durante la temporada de verano. Se implementar\u00e1 para instituciones estatales y privadas.<\/strong><\/h6>\n<p class=\"selectionShareable\">Las entidades bancarias de la provincia de Buenos Aires anunciaron que durante la temporada de verano atender\u00e1n en una franja horaria diferente a la habitual.<\/p>\n<p class=\"selectionShareable\">As\u00ed, durante el mes de noviembre, las instituciones, tanto p\u00fablicas como privadas, adoptar\u00e1n el horario de 8 a 13.<\/p>\n<p class=\"selectionShareable\">Seg\u00fan la Asociaci\u00f3n Bancaria, el horario de atenci\u00f3n de verano regir\u00e1 a partir del 29 de noviembre, y se extender\u00e1 hasta el 29 de marzo de 2024.<\/p>\n<p class=\"selectionShareable\">En tal sentido, el gremio explic\u00f3 que la idea es que se retrase el horario de apertura y el de cierre para que el calor afecte lo menos posible tanto a los usuarios como a los trabajadores.<\/p>\n<p class=\"selectionShareable\">M\u00e1s all\u00e1 de que por el momento no hubo confirmaci\u00f3n formal, fuentes gubernamentales anticiparon que, como todos los a\u00f1os \u00abla solicitud ser\u00e1 concedida\u00bb.<\/p>\n<p>&nbsp;<\/p>\n","protected":false},"excerpt":{"rendered":"<p>&nbsp; Las entidades bancarias de la provincia de Buenos Aires adelantaron c\u00f3mo ser\u00e1 la atenci\u00f3n durante la temporada de verano.<\/p>\n","protected":false},"author":1,"featured_media":97952,"comment_status":"closed","ping_status":"closed","sticky":false,"template":"","format":"standard","meta":{"kia_subtitle":"","footnotes":"","jetpack_publicize_message":"","jetpack_publicize_feature_enabled":true,"jetpack_social_post_already_shared":true,"jetpack_social_options":{"image_generator_settings":{"template":"highway","default_image_id":0,"font":"","enabled":false},"version":2}},"categories":[3,56],"tags":[],"class_list":["post-97948","post","type-post","status-publish","format-standard","has-post-thumbnail","hentry","category-actualidad","category-buenos-aires"],"jetpack_publicize_connections":[],"jetpack_featured_media_url":"https:\/\/laurbedigital.com.ar\/noticias\/wp-content\/uploads\/2023\/11\/20231112-Banco-Provincia.jpg","_links":{"self":[{"href":"https:\/\/laurbedigital.com.ar\/noticias\/wp-json\/wp\/v2\/posts\/97948","targetHints":{"allow":["GET"]}}],"collection":[{"href":"https:\/\/laurbedigital.com.ar\/noticias\/wp-json\/wp\/v2\/posts"}],"about":[{"href":"https:\/\/laurbedigital.com.ar\/noticias\/wp-json\/wp\/v2\/types\/post"}],"author":[{"embeddable":true,"href":"https:\/\/laurbedigital.com.ar\/noticias\/wp-json\/wp\/v2\/users\/1"}],"replies":[{"embeddable":true,"href":"https:\/\/laurbedigital.com.ar\/noticias\/wp-json\/wp\/v2\/comments?post=97948"}],"version-history":[{"count":4,"href":"https:\/\/laurbedigital.com.ar\/noticias\/wp-json\/wp\/v2\/posts\/97948\/revisions"}],"predecessor-version":[{"id":97953,"href":"https:\/\/laurbedigital.com.ar\/noticias\/wp-json\/wp\/v2\/posts\/97948\/revisions\/97953"}],"wp:featuredmedia":[{"embeddable":true,"href":"https:\/\/laurbedigital.com.ar\/noticias\/wp-json\/wp\/v2\/media\/97952"}],"wp:attachment":[{"href":"https:\/\/laurbedigital.com.ar\/noticias\/wp-json\/wp\/v2\/media?parent=97948"}],"wp:term":[{"taxonomy":"category","embeddable":true,"href":"https:\/\/laurbedigital.com.ar\/noticias\/wp-json\/wp\/v2\/categories?post=97948"},{"taxonomy":"post_tag","embeddable":true,"href":"https:\/\/laurbedigital.com.ar\/noticias\/wp-json\/wp\/v2\/tags?post=97948"}],"curies":[{"name":"wp","href":"https:\/\/api.w.org\/{rel}","templated":true}]}}