{"id":97885,"date":"2023-11-10T03:18:38","date_gmt":"2023-11-10T06:18:38","guid":{"rendered":"https:\/\/laurbedigital.com.ar\/noticias\/?p=97885"},"modified":"2023-11-10T03:18:38","modified_gmt":"2023-11-10T06:18:38","slug":"alertan-sobre-la-desproteccion-y-el-enojo-de-ninos-expuestos-a-la-violencia-de-genero","status":"publish","type":"post","link":"https:\/\/laurbedigital.com.ar\/noticias\/2023\/11\/10\/alertan-sobre-la-desproteccion-y-el-enojo-de-ninos-expuestos-a-la-violencia-de-genero\/","title":{"rendered":"Alertan sobre \u00abla desprotecci\u00f3n y el enojo\u00bb de ni\u00f1os expuestos a la violencia de g\u00e9nero"},"content":{"rendered":"<p>&nbsp;<\/p>\n<h6><strong>El caso del menor de 11 a\u00f1os que mat\u00f3 a su padre luego de ver la agresi\u00f3n infringida por \u00e9ste a su madre, reactiv\u00f3 la pol\u00e9mica sobre la desprotecci\u00f3n de las infancias y la tenencia de armas.<\/strong><\/h6>\n<p>Los ni\u00f1os y ni\u00f1as expuestos a la violencia de g\u00e9nero en sus familias \u00abquedan muy desprotegidos y acumulan mucho enojo\u00bb, lo que puede acarrear \u00abformas extremas, traum\u00e1ticas y dolorosas de acabar con esa violencia\u00bb, se\u00f1al\u00f3 a T\u00e9lam una especialista, a ra\u00edz del caso de\u00a0un ni\u00f1o de 11 a\u00f1os que mat\u00f3 de un balazo a su padre\u00a0luego de que el hombre maltratara a su mam\u00e1 en el partido bonaerense de Mor\u00f3n.<\/p>\n<p>El padre del ni\u00f1o, un hombre de 65 a\u00f1os, hab\u00eda golpeado a su esposa tras lo cual fue a recostarse a su habitaci\u00f3n y recibi\u00f3 el disparo que le provoc\u00f3 la muerte este jueves, seg\u00fan la informaci\u00f3n suministrada por los voceros policiales y judiciales a t\u00e9lam.<\/p>\n<p>\u00abUna nueva situaci\u00f3n de esta gravedad nos interpela en t\u00e9rminos de qu\u00e9 es lo\u00a0<strong>que estuvo pasando y qu\u00e9 fall\u00f3<\/strong> para que un ni\u00f1o llegue a esta situaci\u00f3n\u00bb, reflexion\u00f3 para t\u00e9lam, la m\u00e9dica Fernanda Tarico, fundadora y directora de la organizaci\u00f3n Shalom Bait que trabaja con sobrevivientes de violencias.<\/p>\n<p><strong>\u00abLa mayor\u00eda de las situaciones como esta, en donde ni\u00f1os matan a sus padres, se dan en contextos de violencia cr\u00f3nica y violencia de g\u00e9nero hacia su mam\u00e1\u00bb<\/strong>, explic\u00f3.<\/p>\n<p>Estos ni\u00f1os, \u00abdesbordados y con intenci\u00f3n de querer defender a su mam\u00e1, otras veces a ellos mismos, llegan a esta situaci\u00f3n, situaci\u00f3n que ning\u00fan ni\u00f1o debe atravesar, ni obviamente tener para s\u00ed ese recuerdo. Es algo que ning\u00fan ni\u00f1o se merece\u00bb, a\u00f1adi\u00f3.<\/p>\n<p>La directora de la ONG que brinda asistencia psicol\u00f3gica y patrocinio jur\u00eddico a v\u00edctimas de violencia de g\u00e9nero remarc\u00f3 que durante sus 20 a\u00f1os de trabajo en la organizaci\u00f3n observ\u00f3 c\u00f3mo los hijos e hijas de sobrevivientes de violencia de g\u00e9nero \u00absufren y aprenden a &#8216;cuidarse&#8217;, intentan comportarse bien sin hacer nada que pueda hacer enojar a sus pap\u00e1s\u00bb.<\/p>\n<p>\u00abSiempre trabajamos para generar conciencia del impacto que tiene la violencia y lo importante que es brindarles protecci\u00f3n a los ni\u00f1os y ni\u00f1as\u00bb, sostuvo.<\/p>\n<p>A su vez, enfatiz\u00f3 en los efectos de las \u00absituaciones de estr\u00e9s y acumulaci\u00f3n de mucho enojo en los chicos\u00bb, un enojo que \u00abrara vez\u00bb se manifiesta hacia los pap\u00e1s, ya que en el medio de estas relaciones \u00ab<strong>hay miedo, desigualdad y poder\u00bb<\/strong>.<\/p>\n<p>Sin embargo, para Tarico el caso del ni\u00f1o de 11 a\u00f1os de Mor\u00f3n refleja \u00abuna forma extrema, s\u00faper traum\u00e1tica y dolorosa de terminar con la violencia\u00bb.<\/p>\n<p>Los efectos de vivir en situaciones de violencia tambi\u00e9n pueden incluir \u00abfuga del hogar, situaciones de intento de suicidio, de violencia grave con pares e incluso\u00a0<strong>autolesiones<\/strong>\u00a0como forma de apaciguar el dolor\u00bb, detall\u00f3.<\/p>\n<p>A su vez, si bien \u00abel contexto eventualmente podr\u00eda ser un factor de riesgo\u00bb, Tarico afirm\u00f3 que en su trabajo con Shalom Bait ve \u00absituaciones de violencia en todos los contextos\u00bb.<\/p>\n<p>Los peritos policiales secuestraron en la casa de Mor\u00f3n el arma de fuego utilizada en el ataque, un rev\u00f3lver Pehuen calibre .22 largo que pertenec\u00eda a un amigo de la familia, no ten\u00eda la debida documentaci\u00f3n y estaba guardado en un placard de la casa.<\/p>\n<p>En este sentido, Tarico se refiri\u00f3 al\u00a0<strong>\u00abriesgo\u00bb de la tenencia de armas, principalmente en los casos de violencia de g\u00e9nero<\/strong>, y asegur\u00f3 que su tenencia \u00abdefine\u00bb a la persona.<\/p>\n<p>\u00abEsta situaci\u00f3n, en un contexto en el que se est\u00e1 discutiendo la libertad de tener armas en la casa, demuestra que el arma en la casa vulnera derechos\u00bb, remarc\u00f3.<\/p>\n<p>Y se pregunt\u00f3: \u00ab\u00bfPara qu\u00e9 vas a tener un arma? Un cuchillo lo vas a usar para cortar, pero un arma, \u00bfpara qu\u00e9? Es para usar. El que decide tener un arma habla de s\u00ed, de lo que est\u00e1 dispuesto y a donde puede ir\u00bb.<\/p>\n<p>Asimismo, frente a situaciones de violencia de g\u00e9nero o intrafamiliar, Tarico dijo que \u00abse debe actuar antes de que sea tarde, es un problema de la sociedad\u00bb, y alert\u00f3 que \u00abla sociedad le pide demasiado a la v\u00edctima\u00bb.<\/p>\n<p>\u00abHay que modificar un mont\u00f3n de abordajes vinculados con prevenci\u00f3n, detecci\u00f3n precoz y acompa\u00f1amiento, pero siempre la recomendaci\u00f3n es acercarse a la v\u00edctima\u00bb, sostuvo, ya que para muchas \u00abno hacer la denuncia es una estrategia de supervivencia\u00bb.<\/p>\n<p>Finalmente, concluy\u00f3 que \u00ablos ni\u00f1os, que lamentablemente est\u00e1n en situaciones de mucha m\u00e1s vulnerabilidad, quedan muy desprotegidos cuando conviven con una mam\u00e1 que es sometida y est\u00e1 atravesada por el miedo\u00bb.<\/p>\n<h4><strong>Atenci\u00f3n, contenci\u00f3n y asesoramiento en situaciones de violencia de g\u00e9nero<\/strong><\/h4>\n<ul>\n<li>Por llamada gratuita las 24 hs\u00a0<a href=\"tel:144\">L\u00ednea 144<\/a><\/li>\n<li>Por WhatsApp\u00a0<a href=\"tel:+5491127716463\">11-2771-6463<\/a>.<\/li>\n<li>Por mail a\u00a0<a href=\"mailto:linea144@mingeneros.gob.ar\">linea144@mingeneros.gob.ar<\/a><\/li>\n<li>Descargando la\u00a0<a href=\"https:\/\/www.argentina.gob.ar\/aplicaciones\/linea-144-atencion-mujeres-y-LGBTI\" target=\"_blank\" rel=\"noopener\">app<\/a><\/li>\n<\/ul>\n<p>&nbsp;<\/p>\n","protected":false},"excerpt":{"rendered":"<p>&nbsp; El caso del menor de 11 a\u00f1os que mat\u00f3 a su padre luego de ver la agresi\u00f3n infringida por<\/p>\n","protected":false},"author":1,"featured_media":97865,"comment_status":"closed","ping_status":"closed","sticky":false,"template":"","format":"standard","meta":{"kia_subtitle":"","footnotes":"","jetpack_publicize_message":"","jetpack_publicize_feature_enabled":true,"jetpack_social_post_already_shared":true,"jetpack_social_options":{"image_generator_settings":{"template":"highway","default_image_id":0,"font":"","enabled":false},"version":2}},"categories":[15],"tags":[],"class_list":["post-97885","post","type-post","status-publish","format-standard","has-post-thumbnail","hentry","category-tendencias"],"jetpack_publicize_connections":[],"jetpack_featured_media_url":"https:\/\/laurbedigital.com.ar\/noticias\/wp-content\/uploads\/2023\/11\/20231110-Ninos.jpg","_links":{"self":[{"href":"https:\/\/laurbedigital.com.ar\/noticias\/wp-json\/wp\/v2\/posts\/97885","targetHints":{"allow":["GET"]}}],"collection":[{"href":"https:\/\/laurbedigital.com.ar\/noticias\/wp-json\/wp\/v2\/posts"}],"about":[{"href":"https:\/\/laurbedigital.com.ar\/noticias\/wp-json\/wp\/v2\/types\/post"}],"author":[{"embeddable":true,"href":"https:\/\/laurbedigital.com.ar\/noticias\/wp-json\/wp\/v2\/users\/1"}],"replies":[{"embeddable":true,"href":"https:\/\/laurbedigital.com.ar\/noticias\/wp-json\/wp\/v2\/comments?post=97885"}],"version-history":[{"count":1,"href":"https:\/\/laurbedigital.com.ar\/noticias\/wp-json\/wp\/v2\/posts\/97885\/revisions"}],"predecessor-version":[{"id":97886,"href":"https:\/\/laurbedigital.com.ar\/noticias\/wp-json\/wp\/v2\/posts\/97885\/revisions\/97886"}],"wp:featuredmedia":[{"embeddable":true,"href":"https:\/\/laurbedigital.com.ar\/noticias\/wp-json\/wp\/v2\/media\/97865"}],"wp:attachment":[{"href":"https:\/\/laurbedigital.com.ar\/noticias\/wp-json\/wp\/v2\/media?parent=97885"}],"wp:term":[{"taxonomy":"category","embeddable":true,"href":"https:\/\/laurbedigital.com.ar\/noticias\/wp-json\/wp\/v2\/categories?post=97885"},{"taxonomy":"post_tag","embeddable":true,"href":"https:\/\/laurbedigital.com.ar\/noticias\/wp-json\/wp\/v2\/tags?post=97885"}],"curies":[{"name":"wp","href":"https:\/\/api.w.org\/{rel}","templated":true}]}}