{"id":9788,"date":"2017-11-21T10:58:14","date_gmt":"2017-11-21T13:58:14","guid":{"rendered":"http:\/\/laurbedigital.com.ar\/noticias\/?p=9788"},"modified":"2017-11-21T10:58:14","modified_gmt":"2017-11-21T13:58:14","slug":"las-canastas-navidenas-aumentaran-un-25","status":"publish","type":"post","link":"https:\/\/laurbedigital.com.ar\/noticias\/2017\/11\/21\/las-canastas-navidenas-aumentaran-un-25\/","title":{"rendered":"Las canastas navide\u00f1as aumentar\u00e1n un 25%"},"content":{"rendered":"<p class=\"smallbajada\">As\u00ed lo indican los primeros relevamientos realizados en diferentes provincias del pa\u00eds\u00b7En Buenos Aires, una cadena de supermercados se anim\u00f3 a lanzar el mismo precio que en 2016<\/p>\n<div class=\"smallbajada\">Los supermercados y almacenes de barrio comenzaron a ofrecer las canastas de productos navide\u00f1os con un alza del 25% promedio interanual, pero una cadena se desmarc\u00f3 y la puso al mismo precio que en 2016.Seg\u00fan la Uni\u00f3n de Comerciantes Minoristas de La Plata, la canasta navide\u00f1a que comenzaron a ofrecer comercios de esa zona de la provincia de Buenos Aires llegaron con un incremento del entre el 30% y el 40%.<\/p>\n<p>El relevamiento de la entidad indic\u00f3 que ese fue el incremento que aplicaron las primeras marcas a los productos que integran la canasta navide\u00f1a, mientras que -para ganar mercado- las segundas marcas subieron entre un 18% y un 25%.<\/p>\n<p>En el medio de la ola de ajustes de precios, la cadena Carrefour Argentina, anunci\u00f3 este jueves que mantendr\u00e1 el precio de la canasta navide\u00f1a con productos de su marca al mismo valor que en 2016.<\/p>\n<p>Esto incluye pan dulce, turrones, confituras, budines, sidra, entre otros; que podr\u00e1n encontrase hasta el 31 de diciembre en los Hipermercados, Market y Express de las 22 provincias donde est\u00e1 presente.<\/p>\n<\/div>\n","protected":false},"excerpt":{"rendered":"<p>As\u00ed lo indican los primeros relevamientos realizados en diferentes provincias del pa\u00eds\u00b7En Buenos Aires, una cadena de supermercados se anim\u00f3<\/p>\n","protected":false},"author":1,"featured_media":9789,"comment_status":"closed","ping_status":"closed","sticky":false,"template":"","format":"standard","meta":{"kia_subtitle":"","footnotes":"","jetpack_publicize_message":"","jetpack_publicize_feature_enabled":true,"jetpack_social_post_already_shared":true,"jetpack_social_options":{"image_generator_settings":{"template":"highway","default_image_id":0,"font":"","enabled":false},"version":2}},"categories":[3,41],"tags":[],"class_list":["post-9788","post","type-post","status-publish","format-standard","has-post-thumbnail","hentry","category-actualidad","category-nacionales"],"jetpack_publicize_connections":[],"jetpack_featured_media_url":"https:\/\/laurbedigital.com.ar\/noticias\/wp-content\/uploads\/2017\/11\/20171121-nac1.jpg","_links":{"self":[{"href":"https:\/\/laurbedigital.com.ar\/noticias\/wp-json\/wp\/v2\/posts\/9788","targetHints":{"allow":["GET"]}}],"collection":[{"href":"https:\/\/laurbedigital.com.ar\/noticias\/wp-json\/wp\/v2\/posts"}],"about":[{"href":"https:\/\/laurbedigital.com.ar\/noticias\/wp-json\/wp\/v2\/types\/post"}],"author":[{"embeddable":true,"href":"https:\/\/laurbedigital.com.ar\/noticias\/wp-json\/wp\/v2\/users\/1"}],"replies":[{"embeddable":true,"href":"https:\/\/laurbedigital.com.ar\/noticias\/wp-json\/wp\/v2\/comments?post=9788"}],"version-history":[{"count":1,"href":"https:\/\/laurbedigital.com.ar\/noticias\/wp-json\/wp\/v2\/posts\/9788\/revisions"}],"predecessor-version":[{"id":9790,"href":"https:\/\/laurbedigital.com.ar\/noticias\/wp-json\/wp\/v2\/posts\/9788\/revisions\/9790"}],"wp:featuredmedia":[{"embeddable":true,"href":"https:\/\/laurbedigital.com.ar\/noticias\/wp-json\/wp\/v2\/media\/9789"}],"wp:attachment":[{"href":"https:\/\/laurbedigital.com.ar\/noticias\/wp-json\/wp\/v2\/media?parent=9788"}],"wp:term":[{"taxonomy":"category","embeddable":true,"href":"https:\/\/laurbedigital.com.ar\/noticias\/wp-json\/wp\/v2\/categories?post=9788"},{"taxonomy":"post_tag","embeddable":true,"href":"https:\/\/laurbedigital.com.ar\/noticias\/wp-json\/wp\/v2\/tags?post=9788"}],"curies":[{"name":"wp","href":"https:\/\/api.w.org\/{rel}","templated":true}]}}