{"id":9784,"date":"2017-11-21T10:22:14","date_gmt":"2017-11-21T13:22:14","guid":{"rendered":"http:\/\/laurbedigital.com.ar\/noticias\/?p=9784"},"modified":"2017-11-21T10:22:14","modified_gmt":"2017-11-21T13:22:14","slug":"encontraron-a-martina-la-nena-que-estaba-desaparecida-en-luis-guillon","status":"publish","type":"post","link":"https:\/\/laurbedigital.com.ar\/noticias\/2017\/11\/21\/encontraron-a-martina-la-nena-que-estaba-desaparecida-en-luis-guillon\/","title":{"rendered":"Encontraron a Martina, la nena que estaba desaparecida en Luis Guill\u00f3n"},"content":{"rendered":"<p>Se trata de la peque\u00f1a de 11 a\u00f1os que hab\u00eda sido vista por \u00faltima vez el pasado 8 de noviembre a la madrugada. Apareci\u00f3 en una comisar\u00eda de Berazategui. Sospechan de que fue violada.<!--more--><\/p>\n<p>Tras 10 d\u00edas de b\u00fasqueda, el padre de Martina, Emanuel G\u00f3mez, confirm\u00f3 la aparici\u00f3n de la menor y asegur\u00f3 adem\u00e1s que la Fiscal\u00eda Descentralizada de Esteban Echeverr\u00eda busca intensamente a un hombre de 25 a\u00f1os que habr\u00eda estado con su hija y habr\u00eda abusado sexualmente de ella.<\/p>\n<p>Los padres de Martina no sab\u00edan nada de ella desde la madrugada del mi\u00e9rcoles de la semana pasada, que fue vista por \u00faltima vez en Guill\u00f3n, donde viv\u00eda con su madre. La familia hizo la denuncia policial y fue recibida por el intendente Fernando Gray, quien comprometi\u00f3 el apoyo del municipio y de la Polic\u00eda Local en la b\u00fasqueda de la peque\u00f1a. La Polic\u00eda Federal tambi\u00e9n interviene en el caso.<\/p>\n<p>Como pasaban los d\u00edas y no hab\u00eda novedades, organizaron una marcha esta marcha para rogar por su aparici\u00f3n y darle mayor difusi\u00f3n al caso. Partieron de la Plaza Mitre, de Monte Grande, y se dirigieron a la Fiscal\u00eda de Instrucci\u00f3n N\u00b0 2 de esa localidad, que lleva adelante las investigaciones.<\/p>\n","protected":false},"excerpt":{"rendered":"<p>Se trata de la peque\u00f1a de 11 a\u00f1os que hab\u00eda sido vista por \u00faltima vez el pasado 8 de noviembre<\/p>\n","protected":false},"author":1,"featured_media":9786,"comment_status":"closed","ping_status":"closed","sticky":false,"template":"","format":"standard","meta":{"kia_subtitle":"","footnotes":"","jetpack_publicize_message":"","jetpack_publicize_feature_enabled":true,"jetpack_social_post_already_shared":true,"jetpack_social_options":{"image_generator_settings":{"template":"highway","default_image_id":0,"font":"","enabled":false},"version":2}},"categories":[13,22],"tags":[],"class_list":["post-9784","post","type-post","status-publish","format-standard","has-post-thumbnail","hentry","category-region","category-esteban-echeverria"],"jetpack_publicize_connections":[],"jetpack_featured_media_url":"https:\/\/laurbedigital.com.ar\/noticias\/wp-content\/uploads\/2017\/11\/20171121-region.jpg","_links":{"self":[{"href":"https:\/\/laurbedigital.com.ar\/noticias\/wp-json\/wp\/v2\/posts\/9784","targetHints":{"allow":["GET"]}}],"collection":[{"href":"https:\/\/laurbedigital.com.ar\/noticias\/wp-json\/wp\/v2\/posts"}],"about":[{"href":"https:\/\/laurbedigital.com.ar\/noticias\/wp-json\/wp\/v2\/types\/post"}],"author":[{"embeddable":true,"href":"https:\/\/laurbedigital.com.ar\/noticias\/wp-json\/wp\/v2\/users\/1"}],"replies":[{"embeddable":true,"href":"https:\/\/laurbedigital.com.ar\/noticias\/wp-json\/wp\/v2\/comments?post=9784"}],"version-history":[{"count":1,"href":"https:\/\/laurbedigital.com.ar\/noticias\/wp-json\/wp\/v2\/posts\/9784\/revisions"}],"predecessor-version":[{"id":9787,"href":"https:\/\/laurbedigital.com.ar\/noticias\/wp-json\/wp\/v2\/posts\/9784\/revisions\/9787"}],"wp:featuredmedia":[{"embeddable":true,"href":"https:\/\/laurbedigital.com.ar\/noticias\/wp-json\/wp\/v2\/media\/9786"}],"wp:attachment":[{"href":"https:\/\/laurbedigital.com.ar\/noticias\/wp-json\/wp\/v2\/media?parent=9784"}],"wp:term":[{"taxonomy":"category","embeddable":true,"href":"https:\/\/laurbedigital.com.ar\/noticias\/wp-json\/wp\/v2\/categories?post=9784"},{"taxonomy":"post_tag","embeddable":true,"href":"https:\/\/laurbedigital.com.ar\/noticias\/wp-json\/wp\/v2\/tags?post=9784"}],"curies":[{"name":"wp","href":"https:\/\/api.w.org\/{rel}","templated":true}]}}