{"id":97713,"date":"2023-11-07T12:16:41","date_gmt":"2023-11-07T15:16:41","guid":{"rendered":"https:\/\/laurbedigital.com.ar\/noticias\/?p=97713"},"modified":"2023-11-06T23:24:07","modified_gmt":"2023-11-07T02:24:07","slug":"netflix-tiene-una-miniserie-belica-que-te-emocionara-hasta-las-lagrimas","status":"publish","type":"post","link":"https:\/\/laurbedigital.com.ar\/noticias\/2023\/11\/07\/netflix-tiene-una-miniserie-belica-que-te-emocionara-hasta-las-lagrimas\/","title":{"rendered":"Netflix tiene una miniserie b\u00e9lica que te emocionar\u00e1 hasta las l\u00e1grimas"},"content":{"rendered":"<p>&nbsp;<\/p>\n<h6 class=\"news-headline__article-summary\"><strong>Esta producci\u00f3n estadounidense se coloc\u00f3 entre las m\u00e1s vistas al poco tiempo de arribar a la plataforma.<\/strong><\/h6>\n<p><strong>Netflix<\/strong>\u00a0incorpor\u00f3 una historia b\u00e9lica que ya se coloc\u00f3 entre las m\u00e1s vistas. Esta historia que es furor dentro de la plataforma de streaming transcurre durante la Segunda Guerra Mundial.\u201c<strong>La luz que no puedes ver<\/strong>\u201d es el nombre de este drama que cuenta con el protagonismo de\u00a0<strong>Aria Mia Loberti, Louis Hofmann y Mark Ruffalo<\/strong>.<\/p>\n<p>El creador es Shawn Levy y la direcci\u00f3n de Steven Knight quien adem\u00e1s es el responsable del guion.La<strong>\u00a0miniserie<\/strong>\u00a0est\u00e1 basada en la exitosa novela de Anthony Doerr. En total est\u00e1 compuesta por<strong>\u00a04 apasionantes episodios<\/strong>. La duraci\u00f3n aproximada de los mismos es de 50 minutos.<\/p>\n<h4><strong>Netflix: de qu\u00e9 se trata la miniserie \u201cLa luz que no puedes ver\u201d<\/strong><\/h4>\n<p>\u201cLa historia de<strong>\u00a0Marie-Laure, una adolescente francesa ciega, y Werner, un brillante adolescente alem\u00e1n reclutado como soldado por el r\u00e9gimen de Hitler\u00a0<\/strong>para rastrear emisiones de radio ilegales, cuyos caminos chocan en la Francia ocupada mientras ambos intentan sobrevivir a la devastaci\u00f3n de la\u00a0<strong>Segunda Guerra Mundial<\/strong>\u201d, se\u00f1ala la sinopsis oficial.<\/p>\n<p>Si bien<strong>\u00a0la respuesta de la audiencia fue excelente<\/strong>, la prensa especializada la recibi\u00f3 con algunas cr\u00edticas. \u00abLa trama McGuffin es la menos convincente, porque da a toda la historia el extra\u00f1o aire de un cuento de hadas de la Segunda Guerra Mundial. Afortunadamente, hay muchas otras tramas m\u00e1s interesantes\u201d, public\u00f3 London Evening Standard.<\/p>\n<p>\u00abUna\u00a0<strong>adaptaci\u00f3n prometedora\u00a0<\/strong>que se ve frustrada por algunos problemas importantes de ritmo y un tono emocional que se tambalea hacia lo sentimental\u201d, afirm\u00f3 Ready Steady Cut.<\/p>\n<p><iframe loading=\"lazy\" title=\"La luz que no puedes ver | Tr\u00e1iler oficial | Netflix\" src=\"https:\/\/www.youtube.com\/embed\/F_Yf26qjeZs\" width=\"790\" height=\"444\" frameborder=\"0\" allowfullscreen=\"allowfullscreen\"><\/iframe><\/p>\n<p>&nbsp;<\/p>\n","protected":false},"excerpt":{"rendered":"<p>&nbsp; Esta producci\u00f3n estadounidense se coloc\u00f3 entre las m\u00e1s vistas al poco tiempo de arribar a la plataforma. Netflix\u00a0incorpor\u00f3 una<\/p>\n","protected":false},"author":1,"featured_media":97698,"comment_status":"closed","ping_status":"closed","sticky":false,"template":"","format":"standard","meta":{"kia_subtitle":"","footnotes":"","jetpack_publicize_message":"Netflix tiene una miniserie b\u00e9lica que te emocionar\u00e1 hasta las l\u00e1grimas","jetpack_publicize_feature_enabled":true,"jetpack_social_post_already_shared":true,"jetpack_social_options":{"image_generator_settings":{"template":"highway","default_image_id":0,"font":"","enabled":false},"version":2}},"categories":[68,2600],"tags":[],"class_list":["post-97713","post","type-post","status-publish","format-standard","has-post-thumbnail","hentry","category-cine-y-series","category-espectaculo"],"jetpack_publicize_connections":[],"jetpack_featured_media_url":"https:\/\/laurbedigital.com.ar\/noticias\/wp-content\/uploads\/2023\/11\/20231107-La-luz-que-podemos-ver.jpg","_links":{"self":[{"href":"https:\/\/laurbedigital.com.ar\/noticias\/wp-json\/wp\/v2\/posts\/97713","targetHints":{"allow":["GET"]}}],"collection":[{"href":"https:\/\/laurbedigital.com.ar\/noticias\/wp-json\/wp\/v2\/posts"}],"about":[{"href":"https:\/\/laurbedigital.com.ar\/noticias\/wp-json\/wp\/v2\/types\/post"}],"author":[{"embeddable":true,"href":"https:\/\/laurbedigital.com.ar\/noticias\/wp-json\/wp\/v2\/users\/1"}],"replies":[{"embeddable":true,"href":"https:\/\/laurbedigital.com.ar\/noticias\/wp-json\/wp\/v2\/comments?post=97713"}],"version-history":[{"count":4,"href":"https:\/\/laurbedigital.com.ar\/noticias\/wp-json\/wp\/v2\/posts\/97713\/revisions"}],"predecessor-version":[{"id":97717,"href":"https:\/\/laurbedigital.com.ar\/noticias\/wp-json\/wp\/v2\/posts\/97713\/revisions\/97717"}],"wp:featuredmedia":[{"embeddable":true,"href":"https:\/\/laurbedigital.com.ar\/noticias\/wp-json\/wp\/v2\/media\/97698"}],"wp:attachment":[{"href":"https:\/\/laurbedigital.com.ar\/noticias\/wp-json\/wp\/v2\/media?parent=97713"}],"wp:term":[{"taxonomy":"category","embeddable":true,"href":"https:\/\/laurbedigital.com.ar\/noticias\/wp-json\/wp\/v2\/categories?post=97713"},{"taxonomy":"post_tag","embeddable":true,"href":"https:\/\/laurbedigital.com.ar\/noticias\/wp-json\/wp\/v2\/tags?post=97713"}],"curies":[{"name":"wp","href":"https:\/\/api.w.org\/{rel}","templated":true}]}}