{"id":97654,"date":"2023-11-06T11:02:49","date_gmt":"2023-11-06T14:02:49","guid":{"rendered":"https:\/\/laurbedigital.com.ar\/noticias\/?p=97654"},"modified":"2023-11-06T03:26:59","modified_gmt":"2023-11-06T06:26:59","slug":"la-curiosa-medida-que-tomaria-paris-para-combatir-el-aumento-de-las-temperaturas","status":"publish","type":"post","link":"https:\/\/laurbedigital.com.ar\/noticias\/2023\/11\/06\/la-curiosa-medida-que-tomaria-paris-para-combatir-el-aumento-de-las-temperaturas\/","title":{"rendered":"La curiosa medida que tomar\u00eda Par\u00eds para combatir el aumento de las temperaturas"},"content":{"rendered":"<p>&nbsp;<\/p>\n<h6><strong>Ser\u00e1 para combatir los picos de calor que se esperan durante los pr\u00f3ximos veranos en la capital francesa.<\/strong><\/h6>\n<p>El\u00a0<strong>cambio clim\u00e1tico<\/strong>\u00a0afecta cada vez m\u00e1s fuerte a todo el mundo, pero\u00a0<strong>en la capital de Francia, Par\u00eds, ya empiezan a tomar medidas para buscarle una soluci\u00f3n o al menos reducir sus efectos.<\/strong><\/p>\n<p>As\u00ed lo explic\u00f3\u00a0<strong>Dan Lert, concejal de Transici\u00f3n Econ\u00f3mica<\/strong>, quien detall\u00f3 que\u00a0<strong>planean realizar una vegetalizaci\u00f3n masiva y quitar un 40% de asfalto en la ciudad.<\/strong><\/p>\n<p><strong>\u201cEsperamos y anticipamos picos de calor muy fuertes y muy elevados, y olas de calor con 50 grados.<\/strong>\u00a0El clima en Par\u00eds se va a parecer al de una ciudad como Sevilla en el sur de Espa\u00f1a en los pr\u00f3ximos a\u00f1os\u201d, se\u00f1al\u00f3 Lert. Y agreg\u00f3:\u00a0<strong>\u201cLa idea es pasar de una ciudad que es como un radiador, que tiene un efector de una isla de calor urbano, a una ciudad que sea un oasis\u201d.<\/strong><\/p>\n<p>Tambi\u00e9n advirti\u00f3 que una de las principales preocupaciones son los techos:<strong>\u00a0\u201cTenemos algunos de zinc que hacen la belleza de Par\u00eds, pero sobre un tejado as\u00ed hacen 80 grados.<\/strong>\u00a0Y cuando tengamos picos de calor que van de 40 a 50 grados, har\u00e1 falta que aislemos esos edificios\u201d.<\/p>\n<p>Para afrontar esta problem\u00e1tica,\u00a0<strong>en Par\u00eds se proponen plantar 170 mil \u00e1rboles hasta 2026, eliminar plazas de estacionamiento para convertirlas en zonas verdes en 2030 y eliminar aproximadamente un 40% de su asfalto.<\/strong><\/p>\n","protected":false},"excerpt":{"rendered":"<p>&nbsp; Ser\u00e1 para combatir los picos de calor que se esperan durante los pr\u00f3ximos veranos en la capital francesa. El\u00a0cambio<\/p>\n","protected":false},"author":1,"featured_media":97655,"comment_status":"closed","ping_status":"closed","sticky":false,"template":"","format":"standard","meta":{"kia_subtitle":"","footnotes":"","jetpack_publicize_message":"La curiosa medida que tomar\u00eda Par\u00eds para combatir el aumento de las temperaturas","jetpack_publicize_feature_enabled":true,"jetpack_social_post_already_shared":true,"jetpack_social_options":{"image_generator_settings":{"template":"highway","default_image_id":0,"font":"","enabled":false},"version":2}},"categories":[15,2589],"tags":[],"class_list":["post-97654","post","type-post","status-publish","format-standard","has-post-thumbnail","hentry","category-tendencias","category-medio-ambiente-tendencias"],"jetpack_publicize_connections":[],"jetpack_featured_media_url":"https:\/\/laurbedigital.com.ar\/noticias\/wp-content\/uploads\/2023\/11\/20231106-Paris.jpg","_links":{"self":[{"href":"https:\/\/laurbedigital.com.ar\/noticias\/wp-json\/wp\/v2\/posts\/97654","targetHints":{"allow":["GET"]}}],"collection":[{"href":"https:\/\/laurbedigital.com.ar\/noticias\/wp-json\/wp\/v2\/posts"}],"about":[{"href":"https:\/\/laurbedigital.com.ar\/noticias\/wp-json\/wp\/v2\/types\/post"}],"author":[{"embeddable":true,"href":"https:\/\/laurbedigital.com.ar\/noticias\/wp-json\/wp\/v2\/users\/1"}],"replies":[{"embeddable":true,"href":"https:\/\/laurbedigital.com.ar\/noticias\/wp-json\/wp\/v2\/comments?post=97654"}],"version-history":[{"count":3,"href":"https:\/\/laurbedigital.com.ar\/noticias\/wp-json\/wp\/v2\/posts\/97654\/revisions"}],"predecessor-version":[{"id":97658,"href":"https:\/\/laurbedigital.com.ar\/noticias\/wp-json\/wp\/v2\/posts\/97654\/revisions\/97658"}],"wp:featuredmedia":[{"embeddable":true,"href":"https:\/\/laurbedigital.com.ar\/noticias\/wp-json\/wp\/v2\/media\/97655"}],"wp:attachment":[{"href":"https:\/\/laurbedigital.com.ar\/noticias\/wp-json\/wp\/v2\/media?parent=97654"}],"wp:term":[{"taxonomy":"category","embeddable":true,"href":"https:\/\/laurbedigital.com.ar\/noticias\/wp-json\/wp\/v2\/categories?post=97654"},{"taxonomy":"post_tag","embeddable":true,"href":"https:\/\/laurbedigital.com.ar\/noticias\/wp-json\/wp\/v2\/tags?post=97654"}],"curies":[{"name":"wp","href":"https:\/\/api.w.org\/{rel}","templated":true}]}}