{"id":97594,"date":"2023-11-04T13:38:12","date_gmt":"2023-11-04T16:38:12","guid":{"rendered":"https:\/\/laurbedigital.com.ar\/noticias\/?p=97594"},"modified":"2023-11-04T13:39:22","modified_gmt":"2023-11-04T16:39:22","slug":"emotivo-reconocimiento-de-kicillof-y-cascallares-a-pastores-e-iglesias-evangelicas-de-alte-brown","status":"publish","type":"post","link":"https:\/\/laurbedigital.com.ar\/noticias\/2023\/11\/04\/emotivo-reconocimiento-de-kicillof-y-cascallares-a-pastores-e-iglesias-evangelicas-de-alte-brown\/","title":{"rendered":"Emotivo reconocimiento de Kicillof y Cascallares a pastores e iglesias evang\u00e9licas de Alte Brown"},"content":{"rendered":"<h6 dir=\"ltr\"><\/h6>\n<h6 dir=\"ltr\"><strong>En el marco del D\u00eda Provincial de las Iglesias Evang\u00e9licas, el gobernador de la provincia de Buenos Aires, Axel Kicillof y el intendente electo de Almirante Brown, Mariano Cascallares, llevaron a cabo un emotivo reconocimiento a la tarea de los pastores y las pastoras de nuestro distrito.<\/strong><\/h6>\n<div dir=\"ltr\">En ese contexto se distingui\u00f3 a las Iglesias \u201cCristo para Todos\u201d de Adrogu\u00e9 por ser la pionera en nuestro territorio, y \u201cLa Casa de la Bendici\u00f3n\u201d de Rafael Calzada, por sus anexos en cada localidad del Municipio.<\/div>\n<h6>En la ocasi\u00f3n, Cascallares destac\u00f3 la importancia del reconocimiento por la tarea social y espiritual que realizan las Iglesias Evang\u00e9licas en cada uno de los barrios del distrito de Almirante Brown. Asimismo, hizo hincapi\u00e9 en el trabajo articulado que llevan adelante con la Comuna \u201cpara seguir mejorando, entre todos, la calidad de vida de nuestra gente\u201d, sostuvo.<\/h6>\n<p><img loading=\"lazy\" decoding=\"async\" class=\"alignnone size-full wp-image-97596\" src=\"https:\/\/laurbedigital.com.ar\/noticias\/wp-content\/uploads\/2023\/11\/20231104-Cascallares-Kicillof-encuentro.jpg\" alt=\"\" width=\"768\" height=\"428\" title=\"\" srcset=\"https:\/\/laurbedigital.com.ar\/noticias\/wp-content\/uploads\/2023\/11\/20231104-Cascallares-Kicillof-encuentro.jpg 768w, https:\/\/laurbedigital.com.ar\/noticias\/wp-content\/uploads\/2023\/11\/20231104-Cascallares-Kicillof-encuentro-300x167.jpg 300w\" sizes=\"auto, (max-width: 768px) 100vw, 768px\" \/><\/p>\n<div>\n<p>Mariano Cascallares estuvo acompa\u00f1ado por\u00a0el responsable del \u00e1rea de Culto de Almirante Brown, Pablo Repetto.<\/p>\n<p>Esta fue la segunda jornada de reconocimiento a pastores y pastoras de la provincia y se llev\u00f3 adelante en la localidad de Berisso.<\/p>\n<p>Participaron del encuentro, por la Provincia de Buenos Aires, el subsecretario de Relaciones Internacionales e Institucionales en el \u00e1mbito del Ministerio de Jefatura de Gabinete, Mario Oporto, y el director de Culto, Juan Torreiro.<\/p>\n<p>Adem\u00e1s, el titular de la Alianza Cristiana de las Iglesias Evang\u00e9licas de la Rep\u00fablica Argentina (ACIERA), Christian Hooft y el presidente de la Federaci\u00f3n de Consejos de Pastores de la provincia de Buenos Aires (FECOPEBA), Juan Zuccarell. Tambi\u00e9n estuvieron presentes la directora provincial de Relaciones con la Comunidad, Agustina Quiroga; y el intendente de Berisso, Fabi\u00e1n Cagliardi.<\/p>\n<\/div>\n<div><\/div>\n","protected":false},"excerpt":{"rendered":"<p>En el marco del D\u00eda Provincial de las Iglesias Evang\u00e9licas, el gobernador de la provincia de Buenos Aires, Axel Kicillof<\/p>\n","protected":false},"author":1,"featured_media":97595,"comment_status":"closed","ping_status":"closed","sticky":false,"template":"","format":"standard","meta":{"kia_subtitle":"","footnotes":"","jetpack_publicize_message":"","jetpack_publicize_feature_enabled":true,"jetpack_social_post_already_shared":true,"jetpack_social_options":{"image_generator_settings":{"template":"highway","default_image_id":0,"font":"","enabled":false},"version":2}},"categories":[2,33],"tags":[],"class_list":["post-97594","post","type-post","status-publish","format-standard","has-post-thumbnail","hentry","category-alte-brown","category-alte-brown-alte-brown"],"jetpack_publicize_connections":[],"jetpack_featured_media_url":"https:\/\/laurbedigital.com.ar\/noticias\/wp-content\/uploads\/2023\/11\/20231104-Cascallares-Kicillof.jpg","_links":{"self":[{"href":"https:\/\/laurbedigital.com.ar\/noticias\/wp-json\/wp\/v2\/posts\/97594","targetHints":{"allow":["GET"]}}],"collection":[{"href":"https:\/\/laurbedigital.com.ar\/noticias\/wp-json\/wp\/v2\/posts"}],"about":[{"href":"https:\/\/laurbedigital.com.ar\/noticias\/wp-json\/wp\/v2\/types\/post"}],"author":[{"embeddable":true,"href":"https:\/\/laurbedigital.com.ar\/noticias\/wp-json\/wp\/v2\/users\/1"}],"replies":[{"embeddable":true,"href":"https:\/\/laurbedigital.com.ar\/noticias\/wp-json\/wp\/v2\/comments?post=97594"}],"version-history":[{"count":2,"href":"https:\/\/laurbedigital.com.ar\/noticias\/wp-json\/wp\/v2\/posts\/97594\/revisions"}],"predecessor-version":[{"id":97598,"href":"https:\/\/laurbedigital.com.ar\/noticias\/wp-json\/wp\/v2\/posts\/97594\/revisions\/97598"}],"wp:featuredmedia":[{"embeddable":true,"href":"https:\/\/laurbedigital.com.ar\/noticias\/wp-json\/wp\/v2\/media\/97595"}],"wp:attachment":[{"href":"https:\/\/laurbedigital.com.ar\/noticias\/wp-json\/wp\/v2\/media?parent=97594"}],"wp:term":[{"taxonomy":"category","embeddable":true,"href":"https:\/\/laurbedigital.com.ar\/noticias\/wp-json\/wp\/v2\/categories?post=97594"},{"taxonomy":"post_tag","embeddable":true,"href":"https:\/\/laurbedigital.com.ar\/noticias\/wp-json\/wp\/v2\/tags?post=97594"}],"curies":[{"name":"wp","href":"https:\/\/api.w.org\/{rel}","templated":true}]}}