{"id":97406,"date":"2023-10-31T11:39:46","date_gmt":"2023-10-31T14:39:46","guid":{"rendered":"https:\/\/laurbedigital.com.ar\/noticias\/?p=97406"},"modified":"2023-10-30T22:44:10","modified_gmt":"2023-10-31T01:44:10","slug":"marcha-y-malon-del-orgullo-2023-todas-las-actividades","status":"publish","type":"post","link":"https:\/\/laurbedigital.com.ar\/noticias\/2023\/10\/31\/marcha-y-malon-del-orgullo-2023-todas-las-actividades\/","title":{"rendered":"Marcha y Mal\u00f3n del Orgullo 2023: todas las actividades"},"content":{"rendered":"<p>&nbsp;<\/p>\n<h6><strong>Como todos los a\u00f1os desde 1992, la m\u00e1s grande Marcha del Orgullo se har\u00e1 desde Plaza de Mayo al Congreso y tendr\u00e1 lugar este 4 de noviembre. Adem\u00e1s, se llevar\u00e1 adelante el primer Mal\u00f3n del Orgullo en Plaza Lavalle.<\/strong><\/h6>\n<p>Este a\u00f1o la Comisi\u00f3n Organizadora de la XXXI Marcha del Orgullo, que se realizar\u00e1 en CABA este s\u00e1bado 4 de noviembre alrededor\u00a0de las 15, decidi\u00f3 que las\u00a0consignas de este a\u00f1o girar\u00e1n en torno a las elecciones presidenciales y\u00a0el contexto pol\u00edtico amenazante para los colectivos m\u00e1s vulnerables.<\/p>\n<p class=\"selectionShareable\">La concentraci\u00f3n se har\u00e1\u00a0<strong>a partir de las 15 en Plaza de Mayo<\/strong>, desde donde se marchar\u00e1 al Congreso. Pero la fiesta no comienza ah\u00ed: a las 10 de la ma\u00f1ana ya estar\u00e1 la feria de artistas LGBTIQNB+ y a las 12 una seguidilla de bandas en el escenario.<\/p>\n<p>Adem\u00e1s, en Plaza Lavalle, frente a Tribunales, hay una\u00a0<strong>convocatoria \u2014alternativa al de la organizaci\u00f3n de la Marcha del Orgullo\u2014\u00a0al \u00abMal\u00f3n del Orgullo\u00bb<\/strong>\u00a0contra todos los genocidios. Este evento contar\u00e1 con la presencia de Susy Shock, Marlene Wayar, Banda de les mostres, Brotecitos, Aldana Bello, Comunidad Ballroom, Maryta de Humahuaca, Andrea Baz\u00e1n, Caro Bonillo, Nayla Beltr\u00e1n y otres artistas. Esto ser\u00e1 a las 13.<\/p>\n<h4 class=\"selectionShareable\"><strong>Las principales consignas de la Marcha del Orgullo son:<\/strong><\/h4>\n<p class=\"selectionShareable\"><strong>Ni un ajuste m\u00e1s, ni un derecho menos.<\/strong><\/p>\n<p class=\"selectionShareable\"><strong>\u00a1Ley Antidiscriminatoria, Ley Integral Trans ya!<\/strong><\/p>\n<p class=\"selectionShareable\"><strong>\u00a1Frenemos a les antiderechos!<\/strong><\/p>\n<p class=\"selectionShareable\">Mientras que las subconsignas abarcan una gran amplitud de temas con sus reclamos espec\u00edficos:<\/p>\n<p class=\"selectionShareable\">Basta de discursos y cr\u00edmenes de odio.<br \/>\n\u00bfD\u00f3nde est\u00e1 Tehuel?<br \/>\nBasta de racismo, xenofobia y sexismo.<br \/>\nESI no binaria con presupuesto, en todas las escuelas y todos los niveles educativos.<br \/>\nIncluir es incluirnos a todes. S\u00ed al lenguaje no binario.<br \/>\nBasta de segregaci\u00f3n a las personas trans en el deporte.<br \/>\nSeparaci\u00f3n pol\u00edtica, econ\u00f3mica y simb\u00f3lica de la Iglesia y el Estado.<br \/>\nFuera FMI. No al pago de la deuda.<br \/>\nEfectiva implementaci\u00f3n de la nueva Ley de VIH, Hepatitis, ITS y Tuberculosis. Indetectable es Intransmisible. \u00a1Exigimos la Cura Ya!<br \/>\nInvestigaci\u00f3n, desarrollo y producci\u00f3n nacional de preservativos para vulvas<br \/>\nLey de gestaci\u00f3n solidaria para proteger a todas las personas involucradas.<br \/>\nLas familias son diversas. Adopci\u00f3n sin discriminaciones. Adoptemos tambi\u00e9n ni\u00f1es grandes.<br \/>\nCampo optativo y abierto de g\u00e9nero en todos los registros.<br \/>\nRespeto a las ni\u00f1eces y adolescencias trans, no binarias y diversas.<br \/>\nDefendamos nuestros recursos naturales del saqueo y la contaminaci\u00f3n.<br \/>\nRespeto a la diversidad corporal.<br \/>\nIncluir a las personas con discapacidad y neurodiversas es garantizar accesibilidad y todos sus derechos.<br \/>\nImplementaci\u00f3n de la Ley de Lengua de Se\u00f1as Argentina.<br \/>\nLegalizaci\u00f3n de la marihuana. Despenalizaci\u00f3n de la tenencia simple de las sustancias psicoactivas.<br \/>\nBasta de genocidio travesti-trans.<br \/>\nDesmantelamiento de las redes de trata.<br \/>\nTrabajo para todes, no a la precarizaci\u00f3n, licencias igualitarias. Cumplimiento del cupo trans.<br \/>\nTrabajo sexual es trabajo. \u00a1Que sea ley!<br \/>\nA 40 a\u00f1os del fin de la dictadura c\u00edvico-eclesi\u00e1stica-militar, vamos por una democracia por, y para todes, \u00a1ni un paso atr\u00e1s!<br \/>\nDerogaci\u00f3n de los c\u00f3digos contravencionales y de faltas<br \/>\nNo al desmantelamiento de los espacios de diversidad, que lleva adelante Greta Pena, titular del INaDi.<br \/>\nLibertad a Milagros Sala, Alberto Nallar, Cristian D\u00edaz y dem\u00e1s preses pol\u00edtiques.<\/p>\n","protected":false},"excerpt":{"rendered":"<p>&nbsp; Como todos los a\u00f1os desde 1992, la m\u00e1s grande Marcha del Orgullo se har\u00e1 desde Plaza de Mayo al<\/p>\n","protected":false},"author":1,"featured_media":97407,"comment_status":"closed","ping_status":"closed","sticky":false,"template":"","format":"standard","meta":{"kia_subtitle":"","footnotes":"","jetpack_publicize_message":"Marcha y Mal\u00f3n del Orgullo 2023: todas las actividades","jetpack_publicize_feature_enabled":true,"jetpack_social_post_already_shared":true,"jetpack_social_options":{"image_generator_settings":{"template":"highway","default_image_id":0,"font":"","enabled":false},"version":2}},"categories":[3,41],"tags":[],"class_list":["post-97406","post","type-post","status-publish","format-standard","has-post-thumbnail","hentry","category-actualidad","category-nacionales"],"jetpack_publicize_connections":[],"jetpack_featured_media_url":"https:\/\/laurbedigital.com.ar\/noticias\/wp-content\/uploads\/2023\/10\/20231031-Marcha.jpg","_links":{"self":[{"href":"https:\/\/laurbedigital.com.ar\/noticias\/wp-json\/wp\/v2\/posts\/97406","targetHints":{"allow":["GET"]}}],"collection":[{"href":"https:\/\/laurbedigital.com.ar\/noticias\/wp-json\/wp\/v2\/posts"}],"about":[{"href":"https:\/\/laurbedigital.com.ar\/noticias\/wp-json\/wp\/v2\/types\/post"}],"author":[{"embeddable":true,"href":"https:\/\/laurbedigital.com.ar\/noticias\/wp-json\/wp\/v2\/users\/1"}],"replies":[{"embeddable":true,"href":"https:\/\/laurbedigital.com.ar\/noticias\/wp-json\/wp\/v2\/comments?post=97406"}],"version-history":[{"count":2,"href":"https:\/\/laurbedigital.com.ar\/noticias\/wp-json\/wp\/v2\/posts\/97406\/revisions"}],"predecessor-version":[{"id":97409,"href":"https:\/\/laurbedigital.com.ar\/noticias\/wp-json\/wp\/v2\/posts\/97406\/revisions\/97409"}],"wp:featuredmedia":[{"embeddable":true,"href":"https:\/\/laurbedigital.com.ar\/noticias\/wp-json\/wp\/v2\/media\/97407"}],"wp:attachment":[{"href":"https:\/\/laurbedigital.com.ar\/noticias\/wp-json\/wp\/v2\/media?parent=97406"}],"wp:term":[{"taxonomy":"category","embeddable":true,"href":"https:\/\/laurbedigital.com.ar\/noticias\/wp-json\/wp\/v2\/categories?post=97406"},{"taxonomy":"post_tag","embeddable":true,"href":"https:\/\/laurbedigital.com.ar\/noticias\/wp-json\/wp\/v2\/tags?post=97406"}],"curies":[{"name":"wp","href":"https:\/\/api.w.org\/{rel}","templated":true}]}}