{"id":97143,"date":"2023-10-24T01:27:31","date_gmt":"2023-10-24T04:27:31","guid":{"rendered":"https:\/\/laurbedigital.com.ar\/noticias\/?p=97143"},"modified":"2023-10-24T01:27:31","modified_gmt":"2023-10-24T04:27:31","slug":"banco-nacion-presenta-descuentos-y-cuotas-fijas-para-comprar-productos-contra-el-cambio-climatico","status":"publish","type":"post","link":"https:\/\/laurbedigital.com.ar\/noticias\/2023\/10\/24\/banco-nacion-presenta-descuentos-y-cuotas-fijas-para-comprar-productos-contra-el-cambio-climatico\/","title":{"rendered":"Banco Naci\u00f3n presenta descuentos y cuotas fijas para comprar productos \u201ccontra el cambio clim\u00e1tico\u201d"},"content":{"rendered":"<p>&nbsp;<\/p>\n<h6><strong>Se trata de una campa\u00f1a enfocada en la movilidad sustentable y art\u00edculos de eficiencia energ\u00e9tica. Los clientes podr\u00e1n adquirir art\u00edculos en en 6 y 12 cuotas fijas, sin inter\u00e9s, con distintos medios de pago.<\/strong><\/h6>\n<p>Con el objetivo de \u201cproteger el medioambiente con acciones diarias y decisiones comerciales\u201d, el Banco Naci\u00f3n lanz\u00f3 este lunes una campa\u00f1a para la adquisici\u00f3n de productos sustentables del rubro electro hogar y art\u00edculos de movilidad sustentable, con descuentos de hasta el 20 %, en seis cuotas fijas sin inter\u00e9s con las tarjetas de cr\u00e9dito Mastercard y Visa, emitidas por la banca p\u00fablica, y en hasta 12 cuotas fijas para pagos realizados con la billetera digital MODO BNA+.<\/p>\n<p>La propuesta estar\u00e1 vigente durante el lunes 23 y el martes 24, incluyendo electrodom\u00e9sticos para el hogar y movilidad sustentable.<\/p>\n<p>\u201cDesde la entidad asumimos ese compromiso y pretendemos tener un rol protag\u00f3nico en el cambio hacia la sustentabilidad, reducir la huella de carbono, minimizar los residuos y promover la eficiencia energ\u00e9tica\u201d, expres\u00f3 la titular del Banco Naci\u00f3n,<strong>\u00a0Silvina Batakis<\/strong>.<\/p>\n<p>Adem\u00e1s, puso de relieve que \u201ces una manera de motivar e inspirar a que todas las entidades a que se sumen a este camino\u201d.<\/p>\n<p>Es importante destacar que, desde la Gerencia de Transici\u00f3n Ecol\u00f3gica del BNA, se realiz\u00f3 la revisi\u00f3n de cada producto para esta acci\u00f3n promocional. La eficiencia energ\u00e9tica est\u00e1 \u00edntimamente ligada a la intensidad de la energ\u00eda, pero de modo inversamente proporcional: cuanta m\u00e1s intensidad energ\u00e9tica utilicemos en el hogar, menor ser\u00e1 la eficiencia el\u00e9ctrica que estamos llevando a cabo.<\/p>\n<p>Los interesados podr\u00e1n consultar los productos y modelos disponibles en<strong>\u00a0<a href=\"https:\/\/www.tiendabna.com.ar\/dia-cambio-climatico\" target=\"_blank\" rel=\"noopener noreferrer\">https:\/\/www.tiendabna.com.ar\/dia-cambio-climatico<\/a><\/strong>, una plataforma de comercio electr\u00f3nico desarrollada entre el BNA y Naci\u00f3n Servicios, una empresa del grupo Banco Naci\u00f3n.<\/p>\n","protected":false},"excerpt":{"rendered":"<p>&nbsp; Se trata de una campa\u00f1a enfocada en la movilidad sustentable y art\u00edculos de eficiencia energ\u00e9tica. Los clientes podr\u00e1n adquirir<\/p>\n","protected":false},"author":1,"featured_media":97144,"comment_status":"closed","ping_status":"closed","sticky":false,"template":"","format":"standard","meta":{"kia_subtitle":"","footnotes":"","jetpack_publicize_message":"","jetpack_publicize_feature_enabled":true,"jetpack_social_post_already_shared":true,"jetpack_social_options":{"image_generator_settings":{"template":"highway","default_image_id":0,"font":"","enabled":false},"version":2}},"categories":[3,41],"tags":[],"class_list":["post-97143","post","type-post","status-publish","format-standard","has-post-thumbnail","hentry","category-actualidad","category-nacionales"],"jetpack_publicize_connections":[],"jetpack_featured_media_url":"https:\/\/laurbedigital.com.ar\/noticias\/wp-content\/uploads\/2023\/10\/20231024-BNA.jpg","_links":{"self":[{"href":"https:\/\/laurbedigital.com.ar\/noticias\/wp-json\/wp\/v2\/posts\/97143","targetHints":{"allow":["GET"]}}],"collection":[{"href":"https:\/\/laurbedigital.com.ar\/noticias\/wp-json\/wp\/v2\/posts"}],"about":[{"href":"https:\/\/laurbedigital.com.ar\/noticias\/wp-json\/wp\/v2\/types\/post"}],"author":[{"embeddable":true,"href":"https:\/\/laurbedigital.com.ar\/noticias\/wp-json\/wp\/v2\/users\/1"}],"replies":[{"embeddable":true,"href":"https:\/\/laurbedigital.com.ar\/noticias\/wp-json\/wp\/v2\/comments?post=97143"}],"version-history":[{"count":2,"href":"https:\/\/laurbedigital.com.ar\/noticias\/wp-json\/wp\/v2\/posts\/97143\/revisions"}],"predecessor-version":[{"id":97146,"href":"https:\/\/laurbedigital.com.ar\/noticias\/wp-json\/wp\/v2\/posts\/97143\/revisions\/97146"}],"wp:featuredmedia":[{"embeddable":true,"href":"https:\/\/laurbedigital.com.ar\/noticias\/wp-json\/wp\/v2\/media\/97144"}],"wp:attachment":[{"href":"https:\/\/laurbedigital.com.ar\/noticias\/wp-json\/wp\/v2\/media?parent=97143"}],"wp:term":[{"taxonomy":"category","embeddable":true,"href":"https:\/\/laurbedigital.com.ar\/noticias\/wp-json\/wp\/v2\/categories?post=97143"},{"taxonomy":"post_tag","embeddable":true,"href":"https:\/\/laurbedigital.com.ar\/noticias\/wp-json\/wp\/v2\/tags?post=97143"}],"curies":[{"name":"wp","href":"https:\/\/api.w.org\/{rel}","templated":true}]}}