{"id":96911,"date":"2023-10-17T02:23:06","date_gmt":"2023-10-17T05:23:06","guid":{"rendered":"https:\/\/laurbedigital.com.ar\/noticias\/?p=96911"},"modified":"2023-10-17T02:23:06","modified_gmt":"2023-10-17T05:23:06","slug":"tiktok-elimino-mas-de-500-mil-videos-y-vivos-del-conflicto-en-franja-de-gaza","status":"publish","type":"post","link":"https:\/\/laurbedigital.com.ar\/noticias\/2023\/10\/17\/tiktok-elimino-mas-de-500-mil-videos-y-vivos-del-conflicto-en-franja-de-gaza\/","title":{"rendered":"TikTok elimin\u00f3 m\u00e1s de 500 mil videos y vivos del conflicto en Franja de Gaza"},"content":{"rendered":"<p>&nbsp;<\/p>\n<h6><strong>La red social de videos reaccion\u00f3 as\u00ed a una advertencia de la Uni\u00f3n Europea, que intim\u00f3 a la empresa a luchar contra los contenidos ilegales o violentos.<\/strong><\/h6>\n<p>La red social TikTok asegur\u00f3 que suprimi\u00f3 m\u00e1s de 500.000 videos e interrumpi\u00f3 unas 8.000 transmisiones en directo relacionadas con el conflicto entre Israel y Hamas desatado por los ataques del movimiento islamista palestino en territorio israel\u00ed.<\/p>\n<p>Desde el 7 de octubre \u201chemos suprimido m\u00e1s de 500.000 videos e interrumpido unas 8.000 transmisiones en directo en la regi\u00f3n afectada, por violaci\u00f3n de nuestra reglas\u201d, asegur\u00f3 en su blog la empresa.<\/p>\n<div class=\"content-container\">\n<div id=\"mvp-main-body-wrap\" class=\"left relative\">\n<article id=\"mvp-article-wrap\">\n<div id=\"mvp-article-cont\" class=\"left relative\">\n<div class=\"mvp-main-box\">\n<div id=\"mvp-post-main\" class=\"left relative\">\n<div class=\"mvp-post-main-out left relative\">\n<div class=\"mvp-post-main-in\">\n<div id=\"mvp-post-content\" class=\"left relative\">\n<div id=\"mvp-content-wrap\" class=\"left relative\">\n<div class=\"mvp-post-soc-out right relative\">\n<div class=\"mvp-post-soc-in\">\n<div id=\"mvp-content-body\" class=\"left relative\">\n<div id=\"mvp-content-body-top\" class=\"left relative\">\n<div id=\"mvp-content-main\" class=\"left relative\">\n<div id=\"tps_slideContainer_232152\" class=\"theiaPostSlider_slides\">\n<div class=\"theiaPostSlider_preloadedSlide\">\n<p>TikTok reaccion\u00f3 as\u00ed a una advertencia la semana pasada de la Uni\u00f3n Europea (UE), que la conmin\u00f3 a luchar contra los contenidos ilegales.<\/p>\n<p>La UE cuenta desde agosto con un nuevo reglamento, m\u00e1s estricto, de lucha contra \u201clos contenidos ilegales\u201d o la \u201cdesinformaci\u00f3n\u201d en plataformas y redes sociales.<\/p>\n<p>Tik Tok, fundada en China, asegur\u00f3 que reforz\u00f3 sus equipos de moderadores para combatir esos males y proteger a los j\u00f3venes, que son sus principales usuarios.<\/p>\n<p>\u201cA la empresa le corresponde una obligaci\u00f3n especial de protegerlos de los contenidos violentos (\u2026) que parecen circular ampliamente en su plataforma sin un dispositivo de seguridad particular\u201d, escribi\u00f3 el comisario europeo de Econom\u00eda Digital, Thierry Breton, en una carta al director ejecutivo de TikTok, Shou Zi Chew, inform\u00f3 la agencia de noticias AFP.<\/p>\n<p>De forma similar, el comisario europeo advirti\u00f3 a Meta, X y YouTube.<\/p>\n<p>\u201cInmediatamente movilizamos importantes recursos para aplicar nuestras pol\u00edticas contra la violencia\u201d, incluido \u201cun centro de mando que re\u00fane a miembros clave de nuestro equipo global de 40.000 profesionales de seguridad\u201d, detall\u00f3 TikTok.<\/p>\n<p>\u201cTambi\u00e9n hemos actualizado nuestro sistema de detecci\u00f3n automatizada proactiva en tiempo real a medida que identificamos nuevas amenazas\u201d, para \u201cdetectar y eliminar autom\u00e1ticamente los contenidos violentos\u201d, agreg\u00f3 la red, que adem\u00e1s dijo haber incorporado m\u00e1s moderadores que hablan \u00e1rabe y hebreo.<\/p>\n<p>Para combatir los contenidos enga\u00f1osos, TikTok recuerda que trabaja con organizaciones de verificaci\u00f3n de noticias en m\u00e1s de 50 idiomas, incluidos \u00e1rabe y hebreo.<\/p>\n<p>\u201cSi la verificaci\u00f3n de hechos no es concluyente, calificamos el contenido como no verificado, no lo permitimos en los flujos \u2018Para ti\u2019 y alentamos a los internautas a reconsiderar su decisi\u00f3n antes de compartirlo\u201d, dijo la compa\u00f1\u00eda.<\/p>\n<p>TikTok tambi\u00e9n restringi\u00f3 el uso de las transmisiones en vivo y ciertos hashtags.<\/p>\n<p>Varias redes sociales ya respondieron a la Comisi\u00f3n Europea, incluidas Meta y X.<\/p>\n<p>La empresa de monitoreo Visibrain contabiliz\u00f3 166 millones de mensajes relacionados con el conflicto en Twitter, Facebook, Instagram, YouTube y TikTok desde el s\u00e1bado 7 de octubre, lo que representa un 47% m\u00e1s que durante el Mundial de f\u00fatbol de 2022, uno de los eventos m\u00e1s comentados en el mundo.<\/p>\n<p>El 7 de octubre, el grupo islamista Hamas perpetr\u00f3 un ataque sin precedentes desde Gaza hacia Israel, con un saldo de 1.400 muertos y 199 rehenes.<\/p>\n<p>En respuesta, Israel moviliz\u00f3 360.000 reservistas y atac\u00f3 sistem\u00e1ticamente Gaza, cortando los primeros d\u00edas el suministro de electricidad y agua.<\/p>\n<p>Hasta el momento, 2.750 personas murieron y m\u00e1s de 9.700 palestinos sufrieron heridas por los ataques israel\u00edes.<\/p>\n<\/div>\n<\/div>\n<\/div>\n<\/div>\n<\/div>\n<\/div>\n<\/div>\n<\/div>\n<\/div>\n<\/div>\n<\/div>\n<\/div>\n<\/div>\n<\/div>\n<\/article>\n<\/div>\n<\/div>\n","protected":false},"excerpt":{"rendered":"<p>&nbsp; La red social de videos reaccion\u00f3 as\u00ed a una advertencia de la Uni\u00f3n Europea, que intim\u00f3 a la empresa<\/p>\n","protected":false},"author":1,"featured_media":45231,"comment_status":"closed","ping_status":"closed","sticky":false,"template":"","format":"standard","meta":{"kia_subtitle":"","footnotes":"","jetpack_publicize_message":"TikTok elimin\u00f3 m\u00e1s de 500 mil videos y vivos del conflicto en Franja de Gaza","jetpack_publicize_feature_enabled":true,"jetpack_social_post_already_shared":true,"jetpack_social_options":{"image_generator_settings":{"template":"highway","default_image_id":0,"font":"","enabled":false},"version":2}},"categories":[15],"tags":[],"class_list":["post-96911","post","type-post","status-publish","format-standard","has-post-thumbnail","hentry","category-tendencias"],"jetpack_publicize_connections":[],"jetpack_featured_media_url":"https:\/\/laurbedigital.com.ar\/noticias\/wp-content\/uploads\/2021\/01\/20210122-tik-tok.jpg","_links":{"self":[{"href":"https:\/\/laurbedigital.com.ar\/noticias\/wp-json\/wp\/v2\/posts\/96911","targetHints":{"allow":["GET"]}}],"collection":[{"href":"https:\/\/laurbedigital.com.ar\/noticias\/wp-json\/wp\/v2\/posts"}],"about":[{"href":"https:\/\/laurbedigital.com.ar\/noticias\/wp-json\/wp\/v2\/types\/post"}],"author":[{"embeddable":true,"href":"https:\/\/laurbedigital.com.ar\/noticias\/wp-json\/wp\/v2\/users\/1"}],"replies":[{"embeddable":true,"href":"https:\/\/laurbedigital.com.ar\/noticias\/wp-json\/wp\/v2\/comments?post=96911"}],"version-history":[{"count":2,"href":"https:\/\/laurbedigital.com.ar\/noticias\/wp-json\/wp\/v2\/posts\/96911\/revisions"}],"predecessor-version":[{"id":96913,"href":"https:\/\/laurbedigital.com.ar\/noticias\/wp-json\/wp\/v2\/posts\/96911\/revisions\/96913"}],"wp:featuredmedia":[{"embeddable":true,"href":"https:\/\/laurbedigital.com.ar\/noticias\/wp-json\/wp\/v2\/media\/45231"}],"wp:attachment":[{"href":"https:\/\/laurbedigital.com.ar\/noticias\/wp-json\/wp\/v2\/media?parent=96911"}],"wp:term":[{"taxonomy":"category","embeddable":true,"href":"https:\/\/laurbedigital.com.ar\/noticias\/wp-json\/wp\/v2\/categories?post=96911"},{"taxonomy":"post_tag","embeddable":true,"href":"https:\/\/laurbedigital.com.ar\/noticias\/wp-json\/wp\/v2\/tags?post=96911"}],"curies":[{"name":"wp","href":"https:\/\/api.w.org\/{rel}","templated":true}]}}