{"id":9677,"date":"2017-11-15T13:39:31","date_gmt":"2017-11-15T16:39:31","guid":{"rendered":"http:\/\/laurbedigital.com.ar\/noticias\/?p=9677"},"modified":"2017-11-15T13:50:06","modified_gmt":"2017-11-15T16:50:06","slug":"el-plan-cuidar-la-vida-da-sus-frutos","status":"publish","type":"post","link":"https:\/\/laurbedigital.com.ar\/noticias\/2017\/11\/15\/el-plan-cuidar-la-vida-da-sus-frutos\/","title":{"rendered":"El plan \u201cCuidar la vida\u201d da sus frutos"},"content":{"rendered":"<p>En enero de 2017 se puso en marcha el \u201cPlan de Cuidado Materno Infantil\u201d, cuyo principal objetivo es \u201cmejorar los \u00edndices de sobrevida materno infantil en nuestro distrito\u201d.<\/p>\n<p>La idea es optimizar y fortalecer los controles de embarazadas y ni\u00f1os a trav\u00e9s de un trabajo territorial y multidisciplinario. El intendente municipal, Mariano Cascallares, resalt\u00f3 que \u00a0\u201cestamos consiguiendo una mejora sustancial en los indicadores de sobrevida entre el 1\u00b0 de enero al 1\u00b0 de noviembre de este a\u00f1o de acuerdo a la informaci\u00f3n de registros hospitalarios y nosocomios de la regi\u00f3n\u201d.<\/p>\n<p>\u201cPara llevar adelante este trabajo creamos la Unidad de Seguimiento Materno Infantil en la Secretar\u00eda de Salud conformada por Pediatras, Ginec\u00f3logos, Obstetra; Trabajador Social y M\u00e9dico Generalista\u201d, destac\u00f3.<br \/>\nEsta unidad realiza un censo diario de partos en establecimientos p\u00fablicos y privados donde se relevan datos sobre factores de riesgo de la madre y del reci\u00e9n nacido. A partir del mismo se planifica el seguimiento de las familias y se organizan las respuestas a las necesidades detectadas. Tambi\u00e9n se lleva registro diario de los egresos de Unidades de Neonatolog\u00eda y de mortalidad materno-infantil en instituciones de salud y partos domiciliarios.<br \/>\nAsimismo, declar\u00f3 que \u201cel mayor esfuerzo del equipo est\u00e1 puesto en llevar una base de datos que activa un seguimiento m\u00e9dico de las mujeres embarazadas que tengan cualquier contacto con las \u00e1reas de maternidad en el distrito. El seguimiento permite el control, caso por caso, del embarazo y de los reci\u00e9n nacidos trabajando especialmente en que la madre y su hijo vuelvan al centro de atenci\u00f3n primaria de la salud (CAPS) para su cuidado antes y despu\u00e9s del parto\u201d.<\/p>\n","protected":false},"excerpt":{"rendered":"<p>En enero de 2017 se puso en marcha el \u201cPlan de Cuidado Materno Infantil\u201d, cuyo principal objetivo es \u201cmejorar los<\/p>\n","protected":false},"author":1,"featured_media":9678,"comment_status":"closed","ping_status":"closed","sticky":false,"template":"","format":"standard","meta":{"kia_subtitle":"","footnotes":"","jetpack_publicize_message":"","jetpack_publicize_feature_enabled":true,"jetpack_social_post_already_shared":true,"jetpack_social_options":{"image_generator_settings":{"template":"highway","default_image_id":0,"font":"","enabled":false},"version":2}},"categories":[33,2,70],"tags":[81,91],"class_list":["post-9677","post","type-post","status-publish","format-standard","has-post-thumbnail","hentry","category-alte-brown-alte-brown","category-alte-brown","category-salud","tag-alte-brown","tag-glew"],"jetpack_publicize_connections":[],"jetpack_featured_media_url":"https:\/\/laurbedigital.com.ar\/noticias\/wp-content\/uploads\/2017\/11\/20171115-brown74.jpg","_links":{"self":[{"href":"https:\/\/laurbedigital.com.ar\/noticias\/wp-json\/wp\/v2\/posts\/9677","targetHints":{"allow":["GET"]}}],"collection":[{"href":"https:\/\/laurbedigital.com.ar\/noticias\/wp-json\/wp\/v2\/posts"}],"about":[{"href":"https:\/\/laurbedigital.com.ar\/noticias\/wp-json\/wp\/v2\/types\/post"}],"author":[{"embeddable":true,"href":"https:\/\/laurbedigital.com.ar\/noticias\/wp-json\/wp\/v2\/users\/1"}],"replies":[{"embeddable":true,"href":"https:\/\/laurbedigital.com.ar\/noticias\/wp-json\/wp\/v2\/comments?post=9677"}],"version-history":[{"count":1,"href":"https:\/\/laurbedigital.com.ar\/noticias\/wp-json\/wp\/v2\/posts\/9677\/revisions"}],"predecessor-version":[{"id":9679,"href":"https:\/\/laurbedigital.com.ar\/noticias\/wp-json\/wp\/v2\/posts\/9677\/revisions\/9679"}],"wp:featuredmedia":[{"embeddable":true,"href":"https:\/\/laurbedigital.com.ar\/noticias\/wp-json\/wp\/v2\/media\/9678"}],"wp:attachment":[{"href":"https:\/\/laurbedigital.com.ar\/noticias\/wp-json\/wp\/v2\/media?parent=9677"}],"wp:term":[{"taxonomy":"category","embeddable":true,"href":"https:\/\/laurbedigital.com.ar\/noticias\/wp-json\/wp\/v2\/categories?post=9677"},{"taxonomy":"post_tag","embeddable":true,"href":"https:\/\/laurbedigital.com.ar\/noticias\/wp-json\/wp\/v2\/tags?post=9677"}],"curies":[{"name":"wp","href":"https:\/\/api.w.org\/{rel}","templated":true}]}}