{"id":96670,"date":"2023-10-11T01:37:44","date_gmt":"2023-10-11T04:37:44","guid":{"rendered":"https:\/\/laurbedigital.com.ar\/noticias\/?p=96670"},"modified":"2023-10-11T01:37:44","modified_gmt":"2023-10-11T04:37:44","slug":"cascallares-acompano-a-500-ninos-de-jardines-de-infantes-en-una-actividad-recreativa","status":"publish","type":"post","link":"https:\/\/laurbedigital.com.ar\/noticias\/2023\/10\/11\/cascallares-acompano-a-500-ninos-de-jardines-de-infantes-en-una-actividad-recreativa\/","title":{"rendered":"Cascallares acompa\u00f1\u00f3 a 500 ni\u00f1os de Jardines de Infantes en una actividad recreativa"},"content":{"rendered":"<div>\n<p>&nbsp;<\/p>\n<h6><strong>Mariano Cascallares y Juan Fabiani acompa\u00f1aron a cerca de 500 ni\u00f1os y ni\u00f1as pertenecientes a una decena de Jardines de Infantes de nuestro distrito durante el evento \u201cCEF KIDS\u201d, realizado en la Plaza Brown, el cual incluy\u00f3 un amplio abanico de juegos y actividades en el marco de la Educaci\u00f3n Inicial.<\/strong><\/h6>\n<p>La actividad con los Centros de Educaci\u00f3n F\u00edsica (CEF) consisti\u00f3 en la realizaci\u00f3n de juegos y tambi\u00e9n una merienda compartida, en un trabajo articulado con la Secretar\u00eda de Educaci\u00f3n, Ciencia y Tecnolog\u00eda local y la Direcci\u00f3n de Educaci\u00f3n F\u00edsica bonaerense.<\/p>\n<p>En este sentido, durante la jornada \u2013que se dividi\u00f3 en turnos a la ma\u00f1ana y a la tarde- se realizaron juegos por estaciones de tres horas utilizando la tem\u00e1tica \u201cLos Piratas\u201d.<\/p>\n<p><img loading=\"lazy\" decoding=\"async\" class=\"alignnone size-full wp-image-96673\" src=\"https:\/\/laurbedigital.com.ar\/noticias\/wp-content\/uploads\/2023\/10\/ninos3.jpg\" alt=\"\" width=\"1600\" height=\"1066\" title=\"\" srcset=\"https:\/\/laurbedigital.com.ar\/noticias\/wp-content\/uploads\/2023\/10\/ninos3.jpg 1600w, https:\/\/laurbedigital.com.ar\/noticias\/wp-content\/uploads\/2023\/10\/ninos3-300x200.jpg 300w, https:\/\/laurbedigital.com.ar\/noticias\/wp-content\/uploads\/2023\/10\/ninos3-1024x682.jpg 1024w, https:\/\/laurbedigital.com.ar\/noticias\/wp-content\/uploads\/2023\/10\/ninos3-768x512.jpg 768w, https:\/\/laurbedigital.com.ar\/noticias\/wp-content\/uploads\/2023\/10\/ninos3-1536x1023.jpg 1536w\" sizes=\"auto, (max-width: 1600px) 100vw, 1600px\" \/><\/p>\n<p>Los CEF tienen como principal misi\u00f3n promover y posibilitar la inclusi\u00f3n, procurando atender y ofrecer una educaci\u00f3n permanente con propuestas de actividades corporales y motrices, recreacionales y saludables.<\/p>\n<p>Entre las pr\u00e1cticas que se llevan adelante se encuentran ludomotrices, acu\u00e1ticas, gimn\u00e1sticas, expresivas, deportivas, en relaci\u00f3n con el ambiente natural, entre otras que var\u00edan seg\u00fan la impronta de cada Instituci\u00f3n Cabe recordar que en Almirante Brown hay dos espacios con estas caracter\u00edsticas, el CEF N\u00b056 de Claypole y el 191 de Glew.<\/p>\n<h6>\u201cEstamos muy contentos de compartir esta actividad recreativa junto a los Jardines de Infantes de Almirante Brown. Queremos agradecer a los Centros de Educaci\u00f3n F\u00edsica por la tarea que desarrollan y especialmente a las maestras y a todos los equipos docentes\u201d, remarc\u00f3 Mariano Cascallares.<\/p>\n<p><img loading=\"lazy\" decoding=\"async\" class=\"alignnone size-full wp-image-96672\" src=\"https:\/\/laurbedigital.com.ar\/noticias\/wp-content\/uploads\/2023\/10\/ninos1.jpg\" alt=\"\" width=\"1568\" height=\"1045\" title=\"\" srcset=\"https:\/\/laurbedigital.com.ar\/noticias\/wp-content\/uploads\/2023\/10\/ninos1.jpg 1568w, https:\/\/laurbedigital.com.ar\/noticias\/wp-content\/uploads\/2023\/10\/ninos1-300x200.jpg 300w, https:\/\/laurbedigital.com.ar\/noticias\/wp-content\/uploads\/2023\/10\/ninos1-1024x682.jpg 1024w, https:\/\/laurbedigital.com.ar\/noticias\/wp-content\/uploads\/2023\/10\/ninos1-768x512.jpg 768w, https:\/\/laurbedigital.com.ar\/noticias\/wp-content\/uploads\/2023\/10\/ninos1-1536x1024.jpg 1536w\" sizes=\"auto, (max-width: 1568px) 100vw, 1568px\" \/><\/h6>\n<p>De la actividad participaron ni\u00f1os y ni\u00f1as pertenecientes a los jardines N\u00b0901, N\u00b0902, N\u00b0906, N\u00b0907, N\u00b0908, N\u00b0912, N\u00b0920, N\u00b0926, N\u00b0947 y N\u00b0956, adem\u00e1s del secretario de Educaci\u00f3n, Ciencia y Tecnolog\u00eda, Sergio Pianciola y la subsecretaria Paula Falc\u00f3n.<\/p>\n<p><img loading=\"lazy\" decoding=\"async\" class=\"alignnone size-full wp-image-96674\" src=\"https:\/\/laurbedigital.com.ar\/noticias\/wp-content\/uploads\/2023\/10\/ninos4.jpg\" alt=\"\" width=\"1600\" height=\"1066\" title=\"\" srcset=\"https:\/\/laurbedigital.com.ar\/noticias\/wp-content\/uploads\/2023\/10\/ninos4.jpg 1600w, https:\/\/laurbedigital.com.ar\/noticias\/wp-content\/uploads\/2023\/10\/ninos4-300x200.jpg 300w, https:\/\/laurbedigital.com.ar\/noticias\/wp-content\/uploads\/2023\/10\/ninos4-1024x682.jpg 1024w, https:\/\/laurbedigital.com.ar\/noticias\/wp-content\/uploads\/2023\/10\/ninos4-768x512.jpg 768w, https:\/\/laurbedigital.com.ar\/noticias\/wp-content\/uploads\/2023\/10\/ninos4-1536x1023.jpg 1536w\" sizes=\"auto, (max-width: 1600px) 100vw, 1600px\" \/><\/p>\n<p>Tambi\u00e9n dijeron presente el jefe Regional de Educaci\u00f3n, Leonardo Lafflitto, y la jefa Distrital, Mar\u00eda In\u00e9s Centuri\u00f3n, junto a inspectores y docentes de la comunidad educativa de Almirante Brown, entre otros.<\/p>\n<\/div>\n","protected":false},"excerpt":{"rendered":"<p>&nbsp; Mariano Cascallares y Juan Fabiani acompa\u00f1aron a cerca de 500 ni\u00f1os y ni\u00f1as pertenecientes a una decena de Jardines<\/p>\n","protected":false},"author":1,"featured_media":96671,"comment_status":"closed","ping_status":"closed","sticky":false,"template":"","format":"standard","meta":{"kia_subtitle":"","footnotes":"","jetpack_publicize_message":"","jetpack_publicize_feature_enabled":true,"jetpack_social_post_already_shared":true,"jetpack_social_options":{"image_generator_settings":{"template":"highway","default_image_id":0,"font":"","enabled":false},"version":2}},"categories":[2,51,33],"tags":[],"class_list":["post-96670","post","type-post","status-publish","format-standard","has-post-thumbnail","hentry","category-alte-brown","category-adrogue","category-alte-brown-alte-brown"],"jetpack_publicize_connections":[],"jetpack_featured_media_url":"https:\/\/laurbedigital.com.ar\/noticias\/wp-content\/uploads\/2023\/10\/20231010-Brown-Cascallares-ninos.jpg","_links":{"self":[{"href":"https:\/\/laurbedigital.com.ar\/noticias\/wp-json\/wp\/v2\/posts\/96670","targetHints":{"allow":["GET"]}}],"collection":[{"href":"https:\/\/laurbedigital.com.ar\/noticias\/wp-json\/wp\/v2\/posts"}],"about":[{"href":"https:\/\/laurbedigital.com.ar\/noticias\/wp-json\/wp\/v2\/types\/post"}],"author":[{"embeddable":true,"href":"https:\/\/laurbedigital.com.ar\/noticias\/wp-json\/wp\/v2\/users\/1"}],"replies":[{"embeddable":true,"href":"https:\/\/laurbedigital.com.ar\/noticias\/wp-json\/wp\/v2\/comments?post=96670"}],"version-history":[{"count":2,"href":"https:\/\/laurbedigital.com.ar\/noticias\/wp-json\/wp\/v2\/posts\/96670\/revisions"}],"predecessor-version":[{"id":96676,"href":"https:\/\/laurbedigital.com.ar\/noticias\/wp-json\/wp\/v2\/posts\/96670\/revisions\/96676"}],"wp:featuredmedia":[{"embeddable":true,"href":"https:\/\/laurbedigital.com.ar\/noticias\/wp-json\/wp\/v2\/media\/96671"}],"wp:attachment":[{"href":"https:\/\/laurbedigital.com.ar\/noticias\/wp-json\/wp\/v2\/media?parent=96670"}],"wp:term":[{"taxonomy":"category","embeddable":true,"href":"https:\/\/laurbedigital.com.ar\/noticias\/wp-json\/wp\/v2\/categories?post=96670"},{"taxonomy":"post_tag","embeddable":true,"href":"https:\/\/laurbedigital.com.ar\/noticias\/wp-json\/wp\/v2\/tags?post=96670"}],"curies":[{"name":"wp","href":"https:\/\/api.w.org\/{rel}","templated":true}]}}