{"id":96587,"date":"2023-10-08T13:50:39","date_gmt":"2023-10-08T16:50:39","guid":{"rendered":"https:\/\/laurbedigital.com.ar\/noticias\/?p=96587"},"modified":"2023-10-08T16:24:16","modified_gmt":"2023-10-08T19:24:16","slug":"alte-brown-emotivo-homenaje-a-juan-peron-en-el-128-aniversario-de-su-natalicio","status":"publish","type":"post","link":"https:\/\/laurbedigital.com.ar\/noticias\/2023\/10\/08\/alte-brown-emotivo-homenaje-a-juan-peron-en-el-128-aniversario-de-su-natalicio\/","title":{"rendered":"Alte Brown: emotivo homenaje a Juan Per\u00f3n en el 128 aniversario de su natalicio"},"content":{"rendered":"<div>\n<p>&nbsp;<\/p>\n<h6><strong>El presidente del Partido Justicialista de Almirante Brown, Mariano Cascallares, realiz\u00f3 junto a Juan Fabiani y a militantes y dirigentes del peronismo browniano un emotivo homenaje al general Juan Domingo Per\u00f3n al conmemorarse hoy el 128 aniversario de su nacimiento.<\/strong><\/h6>\n<p>En primer t\u00e9rmino, a las 9,30 horas se concret\u00f3 la colocaci\u00f3n de una ofrenda floral en el Busto de Per\u00f3n y Evita que se encuentra en las calles Diehl Burgwardt de la localidad de Longchamps. All\u00ed se multiplicaron las muestras de cari\u00f1o hacia el l\u00edder.<\/p>\n<p>Minutos m\u00e1s tarde, a partir de las 10,30 horas, se coloc\u00f3 una nueva ofrenda floral esta vez en el busto a Per\u00f3n que se encuentra en el ingreso a la sede del Partido Justicialista de Almirante Brown, en Adrogu\u00e9.<\/p>\n<p><img loading=\"lazy\" decoding=\"async\" class=\"alignnone size-full wp-image-96590\" src=\"https:\/\/laurbedigital.com.ar\/noticias\/wp-content\/uploads\/2023\/10\/PJ2.jpg\" alt=\"\" width=\"1600\" height=\"1066\" title=\"\" srcset=\"https:\/\/laurbedigital.com.ar\/noticias\/wp-content\/uploads\/2023\/10\/PJ2.jpg 1600w, https:\/\/laurbedigital.com.ar\/noticias\/wp-content\/uploads\/2023\/10\/PJ2-300x200.jpg 300w, https:\/\/laurbedigital.com.ar\/noticias\/wp-content\/uploads\/2023\/10\/PJ2-1024x682.jpg 1024w, https:\/\/laurbedigital.com.ar\/noticias\/wp-content\/uploads\/2023\/10\/PJ2-768x512.jpg 768w, https:\/\/laurbedigital.com.ar\/noticias\/wp-content\/uploads\/2023\/10\/PJ2-1536x1023.jpg 1536w\" sizes=\"auto, (max-width: 1600px) 100vw, 1600px\" \/><\/p>\n<p>Mariano Cascallares convoc\u00f3 a los presentes a tener siempre bien presente el legado del General Per\u00f3n especialmente en estos tiempos en los que se est\u00e1 discutiendo el destino de nuestro distrito, de la provincia y de la Patria.<\/p>\n<p><img loading=\"lazy\" decoding=\"async\" class=\"alignnone size-full wp-image-96591\" src=\"https:\/\/laurbedigital.com.ar\/noticias\/wp-content\/uploads\/2023\/10\/PJ3.jpg\" alt=\"\" width=\"1600\" height=\"900\" title=\"\" srcset=\"https:\/\/laurbedigital.com.ar\/noticias\/wp-content\/uploads\/2023\/10\/PJ3.jpg 1600w, https:\/\/laurbedigital.com.ar\/noticias\/wp-content\/uploads\/2023\/10\/PJ3-300x169.jpg 300w, https:\/\/laurbedigital.com.ar\/noticias\/wp-content\/uploads\/2023\/10\/PJ3-1024x576.jpg 1024w, https:\/\/laurbedigital.com.ar\/noticias\/wp-content\/uploads\/2023\/10\/PJ3-768x432.jpg 768w, https:\/\/laurbedigital.com.ar\/noticias\/wp-content\/uploads\/2023\/10\/PJ3-1536x864.jpg 1536w\" sizes=\"auto, (max-width: 1600px) 100vw, 1600px\" \/><\/p>\n<p>Participaron del homenaje en el PJ local militantes y dirigentes como Juan Fabiani, Cristina Vilotta, Mart\u00edn Borsetti, Ignacio Villaronga. Tambi\u00e9n dijeron \u201cpresente\u201d delegados municipales y otros integrantes del equipo Municipal.<\/p>\n<p>Juan Domingo Per\u00f3n fue tres veces presidente constitucional de la Argentina, l\u00edder indiscutible y fundador del movimiento pol\u00edtico y social m\u00e1s importante de nuestro pa\u00eds.<\/p>\n<\/div>\n<div class=\"yj6qo\"><\/div>\n<div class=\"adL\"><\/div>\n","protected":false},"excerpt":{"rendered":"<p>&nbsp; El presidente del Partido Justicialista de Almirante Brown, Mariano Cascallares, realiz\u00f3 junto a Juan Fabiani y a militantes y<\/p>\n","protected":false},"author":1,"featured_media":96588,"comment_status":"closed","ping_status":"closed","sticky":false,"template":"","format":"standard","meta":{"kia_subtitle":"","footnotes":"","jetpack_publicize_message":"","jetpack_publicize_feature_enabled":true,"jetpack_social_post_already_shared":true,"jetpack_social_options":{"image_generator_settings":{"template":"highway","default_image_id":0,"font":"","enabled":false},"version":2}},"categories":[2,33],"tags":[],"class_list":["post-96587","post","type-post","status-publish","format-standard","has-post-thumbnail","hentry","category-alte-brown","category-alte-brown-alte-brown"],"jetpack_publicize_connections":[],"jetpack_featured_media_url":"https:\/\/laurbedigital.com.ar\/noticias\/wp-content\/uploads\/2023\/10\/20231008-browm-pj.jpg","_links":{"self":[{"href":"https:\/\/laurbedigital.com.ar\/noticias\/wp-json\/wp\/v2\/posts\/96587","targetHints":{"allow":["GET"]}}],"collection":[{"href":"https:\/\/laurbedigital.com.ar\/noticias\/wp-json\/wp\/v2\/posts"}],"about":[{"href":"https:\/\/laurbedigital.com.ar\/noticias\/wp-json\/wp\/v2\/types\/post"}],"author":[{"embeddable":true,"href":"https:\/\/laurbedigital.com.ar\/noticias\/wp-json\/wp\/v2\/users\/1"}],"replies":[{"embeddable":true,"href":"https:\/\/laurbedigital.com.ar\/noticias\/wp-json\/wp\/v2\/comments?post=96587"}],"version-history":[{"count":3,"href":"https:\/\/laurbedigital.com.ar\/noticias\/wp-json\/wp\/v2\/posts\/96587\/revisions"}],"predecessor-version":[{"id":96594,"href":"https:\/\/laurbedigital.com.ar\/noticias\/wp-json\/wp\/v2\/posts\/96587\/revisions\/96594"}],"wp:featuredmedia":[{"embeddable":true,"href":"https:\/\/laurbedigital.com.ar\/noticias\/wp-json\/wp\/v2\/media\/96588"}],"wp:attachment":[{"href":"https:\/\/laurbedigital.com.ar\/noticias\/wp-json\/wp\/v2\/media?parent=96587"}],"wp:term":[{"taxonomy":"category","embeddable":true,"href":"https:\/\/laurbedigital.com.ar\/noticias\/wp-json\/wp\/v2\/categories?post=96587"},{"taxonomy":"post_tag","embeddable":true,"href":"https:\/\/laurbedigital.com.ar\/noticias\/wp-json\/wp\/v2\/tags?post=96587"}],"curies":[{"name":"wp","href":"https:\/\/api.w.org\/{rel}","templated":true}]}}