{"id":96579,"date":"2023-10-08T13:26:01","date_gmt":"2023-10-08T16:26:01","guid":{"rendered":"https:\/\/laurbedigital.com.ar\/noticias\/?p=96579"},"modified":"2023-10-08T13:26:01","modified_gmt":"2023-10-08T16:26:01","slug":"este-domingo-sigue-la-expo-feria-en-la-granja-con-circuito-de-viveros-y-flores-shows-y-atracciones","status":"publish","type":"post","link":"https:\/\/laurbedigital.com.ar\/noticias\/2023\/10\/08\/este-domingo-sigue-la-expo-feria-en-la-granja-con-circuito-de-viveros-y-flores-shows-y-atracciones\/","title":{"rendered":"Este domingo sigue la \u00abExpo Feria\u00bb en la granja con circuito de viveros y flores, shows y atracciones"},"content":{"rendered":"<p>&nbsp;<\/p>\n<h6><strong>Miles de vecinas y vecinos disfrutaron este s\u00e1bado de la \u201cEXPO FERIA\u201d en la Granja Educativa Municipal de Ministro Rivadavia. Mientras tanto, hoy domingo de 10 a 18 horas contin\u00faa la propuesta destinada a todas las familias en una jornada marcada por el buen tiempo y el sol.<\/strong><\/h6>\n<p>En el predio que el Municipio de Almirante Brown posee en la avenida Juan B Justo N\u00b0 1000, en el \u00e1rea rural de nuestro distrito, los visitantes podr\u00e1n seguir disfrutando de las ferias de emprendedor@s y de productor@s locales, de shows culturales y presentaciones art\u00edsticas, circuito de viveros y de flores, adem\u00e1s de un colorido paseo gastron\u00f3mico.<\/p>\n<p><img loading=\"lazy\" decoding=\"async\" class=\"alignnone size-full wp-image-96581\" src=\"https:\/\/laurbedigital.com.ar\/noticias\/wp-content\/uploads\/2023\/10\/domingo2.jpg\" alt=\"\" width=\"1600\" height=\"900\" title=\"\" srcset=\"https:\/\/laurbedigital.com.ar\/noticias\/wp-content\/uploads\/2023\/10\/domingo2.jpg 1600w, https:\/\/laurbedigital.com.ar\/noticias\/wp-content\/uploads\/2023\/10\/domingo2-300x169.jpg 300w, https:\/\/laurbedigital.com.ar\/noticias\/wp-content\/uploads\/2023\/10\/domingo2-1024x576.jpg 1024w, https:\/\/laurbedigital.com.ar\/noticias\/wp-content\/uploads\/2023\/10\/domingo2-768x432.jpg 768w, https:\/\/laurbedigital.com.ar\/noticias\/wp-content\/uploads\/2023\/10\/domingo2-1536x864.jpg 1536w\" sizes=\"auto, (max-width: 1600px) 100vw, 1600px\" \/><\/p>\n<p>Pero adem\u00e1s est\u00e1n a disposici\u00f3n todas las atracciones de la Granja Educativa Municipal, que incluye estacionamiento e ingreso gratuitos para el p\u00fablico en general.<\/p>\n<p>Mariano Cascallares y Juan Fabiani recorrieron ayer el predio dialogando con los productores y con las y los visitantes, al tiempo que se sorprendiendo gratamente con la enorme cantidad de productos de calidad que se exponen y ofrecen a precios accesibles al evitarse los intermediarios.<\/p>\n<p><img loading=\"lazy\" decoding=\"async\" class=\"alignnone size-full wp-image-96583\" src=\"https:\/\/laurbedigital.com.ar\/noticias\/wp-content\/uploads\/2023\/10\/domingo9.jpg\" alt=\"\" width=\"1600\" height=\"1067\" title=\"\" srcset=\"https:\/\/laurbedigital.com.ar\/noticias\/wp-content\/uploads\/2023\/10\/domingo9.jpg 1600w, https:\/\/laurbedigital.com.ar\/noticias\/wp-content\/uploads\/2023\/10\/domingo9-300x200.jpg 300w, https:\/\/laurbedigital.com.ar\/noticias\/wp-content\/uploads\/2023\/10\/domingo9-1024x683.jpg 1024w, https:\/\/laurbedigital.com.ar\/noticias\/wp-content\/uploads\/2023\/10\/domingo9-768x512.jpg 768w, https:\/\/laurbedigital.com.ar\/noticias\/wp-content\/uploads\/2023\/10\/domingo9-1536x1024.jpg 1536w\" sizes=\"auto, (max-width: 1600px) 100vw, 1600px\" \/><\/p>\n<h6>\u201cInvitamos a nuestras vecinas y vecinos a disfrutar este domingo 8 de octubre de la Granja, este espacio que construimos para la formaci\u00f3n y el esparcimiento de nuestra gente. Hay todo un equipo preparado para recibirnos y hacerlos pasar una hermosa jornada\u201d, indic\u00f3 Mariano Cascallares.<\/h6>\n","protected":false},"excerpt":{"rendered":"<p>&nbsp; Miles de vecinas y vecinos disfrutaron este s\u00e1bado de la \u201cEXPO FERIA\u201d en la Granja Educativa Municipal de Ministro<\/p>\n","protected":false},"author":1,"featured_media":96580,"comment_status":"closed","ping_status":"closed","sticky":false,"template":"","format":"standard","meta":{"kia_subtitle":"","footnotes":"","jetpack_publicize_message":"","jetpack_publicize_feature_enabled":true,"jetpack_social_post_already_shared":true,"jetpack_social_options":{"image_generator_settings":{"template":"highway","default_image_id":0,"font":"","enabled":false},"version":2}},"categories":[2,33,250],"tags":[],"class_list":["post-96579","post","type-post","status-publish","format-standard","has-post-thumbnail","hentry","category-alte-brown","category-alte-brown-alte-brown","category-ministro-rivadavia"],"jetpack_publicize_connections":[],"jetpack_featured_media_url":"https:\/\/laurbedigital.com.ar\/noticias\/wp-content\/uploads\/2023\/10\/20231008-browm-pulpa.jpg","_links":{"self":[{"href":"https:\/\/laurbedigital.com.ar\/noticias\/wp-json\/wp\/v2\/posts\/96579","targetHints":{"allow":["GET"]}}],"collection":[{"href":"https:\/\/laurbedigital.com.ar\/noticias\/wp-json\/wp\/v2\/posts"}],"about":[{"href":"https:\/\/laurbedigital.com.ar\/noticias\/wp-json\/wp\/v2\/types\/post"}],"author":[{"embeddable":true,"href":"https:\/\/laurbedigital.com.ar\/noticias\/wp-json\/wp\/v2\/users\/1"}],"replies":[{"embeddable":true,"href":"https:\/\/laurbedigital.com.ar\/noticias\/wp-json\/wp\/v2\/comments?post=96579"}],"version-history":[{"count":2,"href":"https:\/\/laurbedigital.com.ar\/noticias\/wp-json\/wp\/v2\/posts\/96579\/revisions"}],"predecessor-version":[{"id":96585,"href":"https:\/\/laurbedigital.com.ar\/noticias\/wp-json\/wp\/v2\/posts\/96579\/revisions\/96585"}],"wp:featuredmedia":[{"embeddable":true,"href":"https:\/\/laurbedigital.com.ar\/noticias\/wp-json\/wp\/v2\/media\/96580"}],"wp:attachment":[{"href":"https:\/\/laurbedigital.com.ar\/noticias\/wp-json\/wp\/v2\/media?parent=96579"}],"wp:term":[{"taxonomy":"category","embeddable":true,"href":"https:\/\/laurbedigital.com.ar\/noticias\/wp-json\/wp\/v2\/categories?post=96579"},{"taxonomy":"post_tag","embeddable":true,"href":"https:\/\/laurbedigital.com.ar\/noticias\/wp-json\/wp\/v2\/tags?post=96579"}],"curies":[{"name":"wp","href":"https:\/\/api.w.org\/{rel}","templated":true}]}}