{"id":96426,"date":"2023-10-04T13:15:07","date_gmt":"2023-10-04T16:15:07","guid":{"rendered":"https:\/\/laurbedigital.com.ar\/noticias\/?p=96426"},"modified":"2023-10-04T13:15:07","modified_gmt":"2023-10-04T16:15:07","slug":"excavan-por-debajo-de-la-rotonda-los-pinos-abriendo-el-viaducto-de-ruta-4","status":"publish","type":"post","link":"https:\/\/laurbedigital.com.ar\/noticias\/2023\/10\/04\/excavan-por-debajo-de-la-rotonda-los-pinos-abriendo-el-viaducto-de-ruta-4\/","title":{"rendered":"Excavan por debajo de la rotonda \u00abLos Pinos\u00bb abriendo el viaducto de Ruta 4"},"content":{"rendered":"<p>&nbsp;<\/p>\n<h6><strong>El Municipio de Almirante Brown inform\u00f3 que, gracias a la articulaci\u00f3n con el Gobierno Nacional, avanzan a todo ritmo los trabajos de excavaci\u00f3n debajo de la rotonda Los Pinos para habilitar la circulaci\u00f3n vehicular a lo largo del nuevo Viaducto de Ruta 4 en la localidad de Burzaco.<\/strong><\/h6>\n<p>Los trabajos se concentran principalmente en la excavaci\u00f3n debajo de la rotonda, la cual fue ampliada para tener un mayor caudal de circulaci\u00f3n vehicular, teniendo en cuenta que se trata de una zona de fuerte circulaci\u00f3n de tr\u00e1nsito en las inmediaciones del Parque Industrial y en el coraz\u00f3n de nuestro distrito.<\/p>\n<p>Esta mejora integral que significa el hist\u00f3rico\u00a0Viaducto\u00a0de\u00a0Ruta\u00a04 -de 1226 metros de largo- se materializa con dos carriles de ida y vuelta con separador central, adem\u00e1s de las correspondientes colectoras, dejando la\u00a0rotonda\u00a0elevada para los veh\u00edculos que crucen por la avenida Hip\u00f3lito Yrigoyen.<\/p>\n<p><img loading=\"lazy\" decoding=\"async\" class=\"alignnone size-full wp-image-96427\" src=\"https:\/\/laurbedigital.com.ar\/noticias\/wp-content\/uploads\/2023\/10\/20231004-brown-rotonda-los-pinos.jpg\" alt=\"\" width=\"768\" height=\"428\" title=\"\" srcset=\"https:\/\/laurbedigital.com.ar\/noticias\/wp-content\/uploads\/2023\/10\/20231004-brown-rotonda-los-pinos.jpg 768w, https:\/\/laurbedigital.com.ar\/noticias\/wp-content\/uploads\/2023\/10\/20231004-brown-rotonda-los-pinos-300x167.jpg 300w\" sizes=\"auto, (max-width: 768px) 100vw, 768px\" \/><\/p>\n<p>De esta manera, el viaducto permitir\u00e1 que el transporte y los veh\u00edculos circulen a nivel del suelo por Yrigoyen y en forma subterr\u00e1nea por debajo de la\u00a0Rotonda\u00a0a lo largo de la\u00a0Ruta\u00a04, potenciando\u00a0por completo la circulaci\u00f3n en esa zona.<\/p>\n<h6>\u201cEstamos muy felices porque entramos en la etapa final de las obras del Viaducto\u00a0de\u00a0Ruta\u00a04, gracias a la articulaci\u00f3n con el Ministerio de Obras P\u00fablicas, Vialidad y todo el Gobierno Nacional\u201d, remarc\u00f3 Mariano Cascallares, quien destac\u00f3 que las mejoras incluyen \u201ctrabajos de parquizado y tambi\u00e9n la instalaci\u00f3n de luminarias con tecnolog\u00eda LED en toda la traza\u201d.<\/p>\n<p><img loading=\"lazy\" decoding=\"async\" class=\"alignnone size-full wp-image-96430\" src=\"https:\/\/laurbedigital.com.ar\/noticias\/wp-content\/uploads\/2023\/10\/20231004-brown-rotonda-los-pinos-4.jpg\" alt=\"\" width=\"768\" height=\"428\" title=\"\" srcset=\"https:\/\/laurbedigital.com.ar\/noticias\/wp-content\/uploads\/2023\/10\/20231004-brown-rotonda-los-pinos-4.jpg 768w, https:\/\/laurbedigital.com.ar\/noticias\/wp-content\/uploads\/2023\/10\/20231004-brown-rotonda-los-pinos-4-300x167.jpg 300w\" sizes=\"auto, (max-width: 768px) 100vw, 768px\" \/><\/h6>\n<p>Cabe destacar que en simult\u00e1neo se lleva adelante la repavimentaci\u00f3n integral de\u00a0Ruta\u00a04, desde la avenida Donato \u00c1lvarez, en el l\u00edmite con el partido vecino de Quilmes, hasta la avenida Fragata Capit\u00e1n Moyano, en conexi\u00f3n con Lomas de Zamora, abarcando una extensi\u00f3n total de 13,3 kil\u00f3metros.<\/p>\n<p><img loading=\"lazy\" decoding=\"async\" class=\"alignnone size-full wp-image-96427\" src=\"https:\/\/laurbedigital.com.ar\/noticias\/wp-content\/uploads\/2023\/10\/20231004-brown-rotonda-los-pinos.jpg\" alt=\"\" width=\"768\" height=\"428\" title=\"\" srcset=\"https:\/\/laurbedigital.com.ar\/noticias\/wp-content\/uploads\/2023\/10\/20231004-brown-rotonda-los-pinos.jpg 768w, https:\/\/laurbedigital.com.ar\/noticias\/wp-content\/uploads\/2023\/10\/20231004-brown-rotonda-los-pinos-300x167.jpg 300w\" sizes=\"auto, (max-width: 768px) 100vw, 768px\" \/><\/p>\n<p>Y tambi\u00e9n, en paralelo, se avanza a todo ritmo con la construcci\u00f3n de los pasos bajo nivel de Rafael Calzada, en la calle presidente Per\u00f3n, yen Longchamps, sobre la calle Diehl.<\/p>\n<p>&nbsp;<\/p>\n","protected":false},"excerpt":{"rendered":"<p>&nbsp; El Municipio de Almirante Brown inform\u00f3 que, gracias a la articulaci\u00f3n con el Gobierno Nacional, avanzan a todo ritmo<\/p>\n","protected":false},"author":1,"featured_media":96428,"comment_status":"closed","ping_status":"closed","sticky":false,"template":"","format":"standard","meta":{"kia_subtitle":"","footnotes":"","jetpack_publicize_message":"Excavan por debajo de la rotonda \"Los Pinos\" abriendo el viaducto de Ruta 4","jetpack_publicize_feature_enabled":true,"jetpack_social_post_already_shared":true,"jetpack_social_options":{"image_generator_settings":{"template":"highway","default_image_id":0,"font":"","enabled":false},"version":2}},"categories":[2,33,43],"tags":[],"class_list":["post-96426","post","type-post","status-publish","format-standard","has-post-thumbnail","hentry","category-alte-brown","category-alte-brown-alte-brown","category-burzaco"],"jetpack_publicize_connections":[],"jetpack_featured_media_url":"https:\/\/laurbedigital.com.ar\/noticias\/wp-content\/uploads\/2023\/10\/20231004-brown-rotonda-los-pinos-0.jpg","_links":{"self":[{"href":"https:\/\/laurbedigital.com.ar\/noticias\/wp-json\/wp\/v2\/posts\/96426","targetHints":{"allow":["GET"]}}],"collection":[{"href":"https:\/\/laurbedigital.com.ar\/noticias\/wp-json\/wp\/v2\/posts"}],"about":[{"href":"https:\/\/laurbedigital.com.ar\/noticias\/wp-json\/wp\/v2\/types\/post"}],"author":[{"embeddable":true,"href":"https:\/\/laurbedigital.com.ar\/noticias\/wp-json\/wp\/v2\/users\/1"}],"replies":[{"embeddable":true,"href":"https:\/\/laurbedigital.com.ar\/noticias\/wp-json\/wp\/v2\/comments?post=96426"}],"version-history":[{"count":3,"href":"https:\/\/laurbedigital.com.ar\/noticias\/wp-json\/wp\/v2\/posts\/96426\/revisions"}],"predecessor-version":[{"id":96433,"href":"https:\/\/laurbedigital.com.ar\/noticias\/wp-json\/wp\/v2\/posts\/96426\/revisions\/96433"}],"wp:featuredmedia":[{"embeddable":true,"href":"https:\/\/laurbedigital.com.ar\/noticias\/wp-json\/wp\/v2\/media\/96428"}],"wp:attachment":[{"href":"https:\/\/laurbedigital.com.ar\/noticias\/wp-json\/wp\/v2\/media?parent=96426"}],"wp:term":[{"taxonomy":"category","embeddable":true,"href":"https:\/\/laurbedigital.com.ar\/noticias\/wp-json\/wp\/v2\/categories?post=96426"},{"taxonomy":"post_tag","embeddable":true,"href":"https:\/\/laurbedigital.com.ar\/noticias\/wp-json\/wp\/v2\/tags?post=96426"}],"curies":[{"name":"wp","href":"https:\/\/api.w.org\/{rel}","templated":true}]}}