{"id":96401,"date":"2023-10-04T02:07:41","date_gmt":"2023-10-04T05:07:41","guid":{"rendered":"https:\/\/laurbedigital.com.ar\/noticias\/?p=96401"},"modified":"2023-10-04T02:07:41","modified_gmt":"2023-10-04T05:07:41","slug":"sebastian-villa-nuevamente-a-juicio-oral-esta-vez-por-abuso-sexual","status":"publish","type":"post","link":"https:\/\/laurbedigital.com.ar\/noticias\/2023\/10\/04\/sebastian-villa-nuevamente-a-juicio-oral-esta-vez-por-abuso-sexual\/","title":{"rendered":"Sebasti\u00e1n Villa nuevamente a juicio oral: Esta vez por abuso sexual"},"content":{"rendered":"<p>&nbsp;<\/p>\n<h6><strong>El futbolista colombiano -todav\u00eda ligado a Boca- est\u00e1 acusado por una joven de 26 a\u00f1os de haberla abusado en 2021, en un country de Canning. En junio de este a\u00f1o fue condenado por violencia de g\u00e9nero, pero evit\u00f3 ir a la c\u00e1rcel.<\/strong><\/h6>\n<p>La C\u00e1mara de Apelaciones de Lomas de Zamora confirm\u00f3 este martes la elevaci\u00f3n a juicio de la causa que tiene al futbolista colombiano\u00a0<strong>Sebasti\u00e1n Villa<\/strong>\u00a0acusado de haber abusado sexualmente de una joven de 26 a\u00f1os.<\/p>\n<p>El hecho habr\u00eda ocurrido en junio de 2021 en un country de la localidad bonaerense de Canning.<\/p>\n<p>La resoluci\u00f3n adoptada por la Sala I de dicho tribunal, integrada por los jueces\u00a0<strong>Miguel Mar\u00eda Alberdi<\/strong>,<strong>\u00a0Guillermo Alejandro Rol\u00f3n<\/strong>\u00a0y\u00a0<strong>Miguel Carlos Navascues<\/strong>, rechaza el recurso de apelaci\u00f3n interpuesto por Mart\u00edn Apolo, abogado defensor de Villa.<\/p>\n<p>As\u00ed las cosas, los magistrados convalidaron el pedido de la fiscal de la causa,\u00a0<strong>Vanesa Gonz\u00e1lez<\/strong>, de la Unidad Funcional de Instrucci\u00f3n (UFI) descentralizada 3 de Esteban Echeverr\u00eda, quien hab\u00eda requerido que el todav\u00eda jugador de Boca sea juzgado por \u201cabuso sexual con acceso carnal\u201d en perjuicio de<strong>\u00a0Roc\u00edo Tamara Dold\u00e1n<\/strong>, la v\u00edctima.<\/p>\n<p>El delito que se le imputa a Villa prev\u00e9 una pena de hasta 15 a\u00f1os de prisi\u00f3n.<\/p>\n<p>Villa hab\u00eda sido condenado en junio a dos a\u00f1os y un mes de prisi\u00f3n condicional por ejercer violencia de g\u00e9nero y amenazas en 2020 contra\u00a0<strong>Daniela Cort\u00e9s<\/strong>, quien en ese momento era su pareja.<\/p>\n<p>Luego de la sentencia, el colombiano fue apartado del plantel profesional de Boca, aunque sigue ligado al club de manera contractual.<\/p>\n","protected":false},"excerpt":{"rendered":"<p>&nbsp; El futbolista colombiano -todav\u00eda ligado a Boca- est\u00e1 acusado por una joven de 26 a\u00f1os de haberla abusado en<\/p>\n","protected":false},"author":1,"featured_media":96406,"comment_status":"closed","ping_status":"closed","sticky":false,"template":"","format":"standard","meta":{"kia_subtitle":"","footnotes":"","jetpack_publicize_message":"","jetpack_publicize_feature_enabled":true,"jetpack_social_post_already_shared":true,"jetpack_social_options":{"image_generator_settings":{"template":"highway","default_image_id":0,"font":"","enabled":false},"version":2}},"categories":[8],"tags":[],"class_list":["post-96401","post","type-post","status-publish","format-standard","has-post-thumbnail","hentry","category-policiales"],"jetpack_publicize_connections":[],"jetpack_featured_media_url":"https:\/\/laurbedigital.com.ar\/noticias\/wp-content\/uploads\/2023\/10\/20231004-Villa.jpg","_links":{"self":[{"href":"https:\/\/laurbedigital.com.ar\/noticias\/wp-json\/wp\/v2\/posts\/96401","targetHints":{"allow":["GET"]}}],"collection":[{"href":"https:\/\/laurbedigital.com.ar\/noticias\/wp-json\/wp\/v2\/posts"}],"about":[{"href":"https:\/\/laurbedigital.com.ar\/noticias\/wp-json\/wp\/v2\/types\/post"}],"author":[{"embeddable":true,"href":"https:\/\/laurbedigital.com.ar\/noticias\/wp-json\/wp\/v2\/users\/1"}],"replies":[{"embeddable":true,"href":"https:\/\/laurbedigital.com.ar\/noticias\/wp-json\/wp\/v2\/comments?post=96401"}],"version-history":[{"count":2,"href":"https:\/\/laurbedigital.com.ar\/noticias\/wp-json\/wp\/v2\/posts\/96401\/revisions"}],"predecessor-version":[{"id":96408,"href":"https:\/\/laurbedigital.com.ar\/noticias\/wp-json\/wp\/v2\/posts\/96401\/revisions\/96408"}],"wp:featuredmedia":[{"embeddable":true,"href":"https:\/\/laurbedigital.com.ar\/noticias\/wp-json\/wp\/v2\/media\/96406"}],"wp:attachment":[{"href":"https:\/\/laurbedigital.com.ar\/noticias\/wp-json\/wp\/v2\/media?parent=96401"}],"wp:term":[{"taxonomy":"category","embeddable":true,"href":"https:\/\/laurbedigital.com.ar\/noticias\/wp-json\/wp\/v2\/categories?post=96401"},{"taxonomy":"post_tag","embeddable":true,"href":"https:\/\/laurbedigital.com.ar\/noticias\/wp-json\/wp\/v2\/tags?post=96401"}],"curies":[{"name":"wp","href":"https:\/\/api.w.org\/{rel}","templated":true}]}}