{"id":96291,"date":"2023-10-01T03:31:31","date_gmt":"2023-10-01T06:31:31","guid":{"rendered":"https:\/\/laurbedigital.com.ar\/noticias\/?p=96291"},"modified":"2023-10-01T03:31:31","modified_gmt":"2023-10-01T06:31:31","slug":"arranca-el-juicio-a-el-carnicero-por-el-crimen-de-un-empresario-espanol","status":"publish","type":"post","link":"https:\/\/laurbedigital.com.ar\/noticias\/2023\/10\/01\/arranca-el-juicio-a-el-carnicero-por-el-crimen-de-un-empresario-espanol\/","title":{"rendered":"Arranca el juicio a \u00abEl Carnicero\u00bb por el crimen de un empresario espa\u00f1ol"},"content":{"rendered":"<p>&nbsp;<\/p>\n<h6><strong>En diciembre de 2017 hab\u00eda sido condenado a la pena m\u00e1xima de prisi\u00f3n perpetua el exyerno de la v\u00edctima, Santiago Corona. Ahora es el turno de quien fuera\u00a0uno de los pr\u00f3fugos m\u00e1s buscados de Argentina tras el crimen perpetrado en un edificio de Caballito.<\/strong><\/h6>\n<p>Un tribunal\u00a0<strong>comenzar\u00e1 a juzgar el pr\u00f3ximo lunes<\/strong>\u00a0a un\u00a0<strong>ciudadano paraguayo<\/strong>\u00a0apodado \u00abEl Carnicero\u00bb que logr\u00f3 mantenerse cinco a\u00f1os como uno de los pr\u00f3fugos m\u00e1s buscados de Argentina, acusado de ser\u00a0<strong>uno de los dos asesinos que en 2017<\/strong>\u00a0qued\u00f3\u00a0<strong>filmado por las c\u00e1maras<\/strong>\u00a0de un edificio del barrio porte\u00f1o de Caballito<strong>\u00a0bajando, por un ascensor y envuelto en un cubrecama, el cad\u00e1ver<\/strong>\u00a0del\u00a0<strong>empresario espa\u00f1ol Roberto Fern\u00e1ndez Monte<\/strong>s, que luego\u00a0<strong>apareci\u00f3 calcinado en Ca\u00f1uelas<\/strong>, informaron fuentes judiciales.<\/p>\n<p>Se trata del segundo juicio oral que habr\u00e1 por el homicidio de Fern\u00e1ndez Montes (67), ya que en diciembre de 2017 hab\u00eda sido condenado a la pena m\u00e1xima de prisi\u00f3n perpetua el exyerno de la v\u00edctima, Santiago Corona (41).<\/p>\n<p>Este segundo imputado que ser\u00e1 sometido a juicio es Pedro Ram\u00f3n Fern\u00e1ndez Torres (57), quien se hab\u00eda fugado a su pa\u00eds natal, Paraguay, logr\u00f3 mantenerse pr\u00f3fugo de la Justicia durante cinco a\u00f1os pese a tener un\u00a0<strong>pedido de captura internacional con alerta roja de Interpol<\/strong>\u00a0y finalmente fue\u00a0<strong>detenido el 8 de febrero de 2022\u00a0<\/strong>en la ciudad en la ciudad de Concepci\u00f3n, unos 400 kil\u00f3metros al norte de Asunci\u00f3n, y luego extraditado a nuestro pa\u00eds.<\/p>\n<p>Su apodo, \u00abEl Carnicero\u00bb, est\u00e1 directamente relacionado a que de eso trabajaba en un comercio del barrio El Olimpo a pocas cuadras de su domicilio en 9 de Abril, partido bonaerense de Esteban Echeverr\u00eda, y cuando\u00a0<strong>fue localizado y arrestado en Paraguay, tambi\u00e9n ten\u00eda empleo en una carnicer\u00eda.<\/strong><\/p>\n<p>El acusado\u00a0<strong>hab\u00eda logrado escaparse tres d\u00edas despu\u00e9s del crimen<\/strong>\u00a0porque, a ra\u00edz de una pista an\u00f3nima, los investigadores de la Divisi\u00f3n Homicidios de la Polic\u00eda Federal detuvieron por error a un mec\u00e1nico ligado a Corona que estuvo unos d\u00edas preso, pero luego demostr\u00f3 por su fisonom\u00eda y por sus tatuajes, no ser el hombre que aparec\u00eda con \u00e9l en los videos y fue liberado.<\/p>\n<p>El debate estar\u00e1 a cargo del mismo Tribunal Oral en lo Criminal (TOC) 5 que actu\u00f3 en ese primer juicio, aunque con una conformaci\u00f3n distinta de sus tres jueces: presidir\u00e1 Cintia Oberlander y actuar\u00e1n como vocales sus colegas Alejandro Nocetti y Juan Manuel Grangeat.<\/p>\n<h4><strong>El segundo juicio<\/strong><\/h4>\n<p>El juicio comenzar\u00e1 a las 9, se har\u00e1 en la sede del TOC 5 -en el sexto piso del Palacio de Tribunales de la calle Talcahuano 550-, y\u00a0<strong>se prev\u00e9n en principio entre dos y tres jornadas<\/strong>\u00a0fijadas para el lunes 2, el mi\u00e9rcoles 4 y el lunes 23 de este mes.<\/p>\n<p>Si bien las\u00a0<strong>hijas de la v\u00edctima<\/strong>,\u00a0<strong>Natalia y Giselle Fern\u00e1ndez, actuaron como querellantes<\/strong>\u00a0y con la representaci\u00f3n del estudio jur\u00eddico del penalista Mat\u00edas Morla en el primer juicio que termin\u00f3 con la perpetua para su marido y cu\u00f1ado, respectivamente, esta vez no ser\u00e1n parte acusadora y solo\u00a0<strong>declarar\u00e1n como testigos.<\/strong><\/p>\n<p>El fiscal general de juicio Juan Manuel Fern\u00e1ndez Buzzi llevar\u00e1 adelante la acusaci\u00f3n, mientras que Fern\u00e1ndez Torres -actualmente preso en el penal de Ezeiza-, ser\u00e1 representado por el defensor oficial Marcos Marini.<\/p>\n<p>\u00abEl Carnicero\u00bb -que se neg\u00f3 a declarar en la causa-, enfrenta una imputaci\u00f3n como\u00a0<strong>coautor de un \u00abhomicidio agravado por haber sido cometido con alevos\u00eda\u00bb<\/strong>, delito que prev\u00e9 como \u00fanica pena la\u00a0<strong>prisi\u00f3n perpetua<\/strong>.<\/p>\n<p>Fern\u00e1ndez Montes (67), nacido en Espa\u00f1a, era\u00a0<strong>due\u00f1o de la empresa \u00abMini Vial\u00bb<\/strong>, dedicada a la venta y alquiler de maquinaria para la construcci\u00f3n y\u00a0<strong>fue visto con vida por \u00faltima vez el 21 de enero de 2017,<\/strong>\u00a0cuando sali\u00f3 de su casa, en Aranguren 36 de Caballito, para ir a su trabajo.<\/p>\n<p>Primero sus hijas denunciaron su desaparici\u00f3n como una b\u00fasqueda de paradero, pero al revisar los videos de las c\u00e1maras del edificio, se descubri\u00f3 que su entonces yerno Corona y un c\u00f3mplice luego identificado como Fern\u00e1ndez Torres, lo asesinaron en el departamento y bajaron por el ascensor con el cad\u00e1ver envuelto en s\u00e1banas y carg\u00e1ndolo hasta el ba\u00fal de un auto Suzuki Fun negro que pertenec\u00eda a una de las hijas pero tambi\u00e9n usaba el empresario.<\/p>\n<p>El\u00a0<strong>auto apareci\u00f3 incendiado<\/strong>\u00a0el 23 de enero en el partido de Esteban Echeverr\u00eda, mientras que el\u00a0<strong>cad\u00e1ver calcinado y seccionado en dos partes\u00a0<\/strong>fue hallado al d\u00eda siguiente en un\u00a0<strong>camino vecinal llamado \u00abLos Pozos\u00bb de Ca\u00f1uelas.<\/strong><\/p>\n<p>Debido al estado de los restos carbonizados, los expertos del\u00a0<strong>Cuerpo M\u00e9dico Forense<\/strong>\u00a0(CMF)\u00a0<strong>nunca pudieron determinar<\/strong>\u00a0con certeza la\u00a0<strong>mec\u00e1nica del crimen.<\/strong><\/p>\n<p>A partir de una investigaci\u00f3n realizada por el entonces juez de instrucci\u00f3n Hern\u00e1n Mart\u00edn L\u00f3pez &#8211; actualmente camarista-, en su requerimiento de elevaci\u00f3n a juicio, el fiscal Patricio Lugones dio por acreditado que Fern\u00e1ndez Torres y Corona,\u00a0<strong>asesinaron a Fern\u00e1ndez Montes el 21 de enero de 2017, entre las 12.10. y las 13.31.<\/strong><\/p>\n","protected":false},"excerpt":{"rendered":"<p>&nbsp; En diciembre de 2017 hab\u00eda sido condenado a la pena m\u00e1xima de prisi\u00f3n perpetua el exyerno de la v\u00edctima,<\/p>\n","protected":false},"author":1,"featured_media":96287,"comment_status":"closed","ping_status":"closed","sticky":false,"template":"","format":"standard","meta":{"kia_subtitle":"","footnotes":"","jetpack_publicize_message":"Arranca el juicio a \"El Carnicero\" por el crimen de un empresario espa\u00f1ol","jetpack_publicize_feature_enabled":true,"jetpack_social_post_already_shared":true,"jetpack_social_options":{"image_generator_settings":{"template":"highway","default_image_id":0,"font":"","enabled":false},"version":2}},"categories":[8],"tags":[],"class_list":["post-96291","post","type-post","status-publish","format-standard","has-post-thumbnail","hentry","category-policiales"],"jetpack_publicize_connections":[],"jetpack_featured_media_url":"https:\/\/laurbedigital.com.ar\/noticias\/wp-content\/uploads\/2023\/10\/20231001-Carnicero.jpg","_links":{"self":[{"href":"https:\/\/laurbedigital.com.ar\/noticias\/wp-json\/wp\/v2\/posts\/96291","targetHints":{"allow":["GET"]}}],"collection":[{"href":"https:\/\/laurbedigital.com.ar\/noticias\/wp-json\/wp\/v2\/posts"}],"about":[{"href":"https:\/\/laurbedigital.com.ar\/noticias\/wp-json\/wp\/v2\/types\/post"}],"author":[{"embeddable":true,"href":"https:\/\/laurbedigital.com.ar\/noticias\/wp-json\/wp\/v2\/users\/1"}],"replies":[{"embeddable":true,"href":"https:\/\/laurbedigital.com.ar\/noticias\/wp-json\/wp\/v2\/comments?post=96291"}],"version-history":[{"count":2,"href":"https:\/\/laurbedigital.com.ar\/noticias\/wp-json\/wp\/v2\/posts\/96291\/revisions"}],"predecessor-version":[{"id":96293,"href":"https:\/\/laurbedigital.com.ar\/noticias\/wp-json\/wp\/v2\/posts\/96291\/revisions\/96293"}],"wp:featuredmedia":[{"embeddable":true,"href":"https:\/\/laurbedigital.com.ar\/noticias\/wp-json\/wp\/v2\/media\/96287"}],"wp:attachment":[{"href":"https:\/\/laurbedigital.com.ar\/noticias\/wp-json\/wp\/v2\/media?parent=96291"}],"wp:term":[{"taxonomy":"category","embeddable":true,"href":"https:\/\/laurbedigital.com.ar\/noticias\/wp-json\/wp\/v2\/categories?post=96291"},{"taxonomy":"post_tag","embeddable":true,"href":"https:\/\/laurbedigital.com.ar\/noticias\/wp-json\/wp\/v2\/tags?post=96291"}],"curies":[{"name":"wp","href":"https:\/\/api.w.org\/{rel}","templated":true}]}}