{"id":96285,"date":"2023-10-01T03:23:26","date_gmt":"2023-10-01T06:23:26","guid":{"rendered":"https:\/\/laurbedigital.com.ar\/noticias\/?p=96285"},"modified":"2023-10-01T03:23:26","modified_gmt":"2023-10-01T06:23:26","slug":"debate-presidencial-2023-cuales-son-los-temas-elegidos","status":"publish","type":"post","link":"https:\/\/laurbedigital.com.ar\/noticias\/2023\/10\/01\/debate-presidencial-2023-cuales-son-los-temas-elegidos\/","title":{"rendered":"Debate presidencial 2023: Cu\u00e1les son los temas elegidos"},"content":{"rendered":"<p>&nbsp;<\/p>\n<h6><strong>En este contexto, \u00bfcu\u00e1les son los temas elegidos por la ciudadan\u00eda?<\/strong><\/h6>\n<p>Restan pocos d\u00edas para la realizaci\u00f3n del\u00a0debate presidencial\u00a0en\u00a0Santiago del Estero\u00a0de cara a las\u00a0elecciones generales\u00a0del\u00a022 de octubre\u00a0y los\u00a0candidatos\u00a0que aspiran al sill\u00f3n de Rivadavia ya preparan su\u00a0estrategia\u00a0electoral para captar la mayor cantidad de\u00a0votos.<\/p>\n<p><strong>De esta manera, el t\u00f3pico \u00abDerechos Humanos y Convivencia democr\u00e1tica\u00bb se sumar\u00e1 a los bloques de\u00a0Econom\u00eda\u00a0y\u00a0Educaci\u00f3n\u00a0para el primer debate, mientras que \u00abDesarrollo Humano, Vivienda y protecci\u00f3n del Ambiente\u00bb se incorpora al segundo evento junto con \u00abSeguridad\u00bb y\u00a0\u00abTrabajo y\u00a0Producci\u00f3n\u00bb.<\/strong><\/p>\n","protected":false},"excerpt":{"rendered":"<p>&nbsp; En este contexto, \u00bfcu\u00e1les son los temas elegidos por la ciudadan\u00eda? Restan pocos d\u00edas para la realizaci\u00f3n del\u00a0debate presidencial\u00a0en\u00a0Santiago<\/p>\n","protected":false},"author":1,"featured_media":96286,"comment_status":"closed","ping_status":"closed","sticky":false,"template":"","format":"standard","meta":{"kia_subtitle":"","footnotes":"","jetpack_publicize_message":"Debate presidencial 2023: Cu\u00e1les son los temas elegidos","jetpack_publicize_feature_enabled":true,"jetpack_social_post_already_shared":true,"jetpack_social_options":{"image_generator_settings":{"template":"highway","default_image_id":0,"font":"","enabled":false},"version":2}},"categories":[3,41],"tags":[],"class_list":["post-96285","post","type-post","status-publish","format-standard","has-post-thumbnail","hentry","category-actualidad","category-nacionales"],"jetpack_publicize_connections":[],"jetpack_featured_media_url":"https:\/\/laurbedigital.com.ar\/noticias\/wp-content\/uploads\/2023\/10\/20231001-debate.jpg","_links":{"self":[{"href":"https:\/\/laurbedigital.com.ar\/noticias\/wp-json\/wp\/v2\/posts\/96285","targetHints":{"allow":["GET"]}}],"collection":[{"href":"https:\/\/laurbedigital.com.ar\/noticias\/wp-json\/wp\/v2\/posts"}],"about":[{"href":"https:\/\/laurbedigital.com.ar\/noticias\/wp-json\/wp\/v2\/types\/post"}],"author":[{"embeddable":true,"href":"https:\/\/laurbedigital.com.ar\/noticias\/wp-json\/wp\/v2\/users\/1"}],"replies":[{"embeddable":true,"href":"https:\/\/laurbedigital.com.ar\/noticias\/wp-json\/wp\/v2\/comments?post=96285"}],"version-history":[{"count":2,"href":"https:\/\/laurbedigital.com.ar\/noticias\/wp-json\/wp\/v2\/posts\/96285\/revisions"}],"predecessor-version":[{"id":96290,"href":"https:\/\/laurbedigital.com.ar\/noticias\/wp-json\/wp\/v2\/posts\/96285\/revisions\/96290"}],"wp:featuredmedia":[{"embeddable":true,"href":"https:\/\/laurbedigital.com.ar\/noticias\/wp-json\/wp\/v2\/media\/96286"}],"wp:attachment":[{"href":"https:\/\/laurbedigital.com.ar\/noticias\/wp-json\/wp\/v2\/media?parent=96285"}],"wp:term":[{"taxonomy":"category","embeddable":true,"href":"https:\/\/laurbedigital.com.ar\/noticias\/wp-json\/wp\/v2\/categories?post=96285"},{"taxonomy":"post_tag","embeddable":true,"href":"https:\/\/laurbedigital.com.ar\/noticias\/wp-json\/wp\/v2\/tags?post=96285"}],"curies":[{"name":"wp","href":"https:\/\/api.w.org\/{rel}","templated":true}]}}