{"id":96099,"date":"2023-09-26T00:34:56","date_gmt":"2023-09-26T03:34:56","guid":{"rendered":"https:\/\/laurbedigital.com.ar\/noticias\/?p=96099"},"modified":"2023-09-26T00:34:56","modified_gmt":"2023-09-26T03:34:56","slug":"almirante-brown-vestido-de-fiesta","status":"publish","type":"post","link":"https:\/\/laurbedigital.com.ar\/noticias\/2023\/09\/26\/almirante-brown-vestido-de-fiesta\/","title":{"rendered":"Almirante Brown vestido de fiesta"},"content":{"rendered":"<p>&nbsp;<\/p>\n<p><span style=\"font-weight: 400;\">Los 150 a\u00f1os de historia, son parte de poner en valor la pol\u00edtica que se viene llevando adelante desde hace muchos a\u00f1os y que hoy se revitaliza en un distrito importante del Conurbano Bonaerense. La fiesta no es solamente una fiesta, es parte de darse un mimo, de reconocerse, de situarse en tiempo y en espacio reconociendo lo que todav\u00eda no logramos como pueblo, como sociedad para avanzar mas decididamente.\u00a0<\/span><\/p>\n<p><span style=\"font-weight: 400;\">En ese marco, recuperar la historia siempre es bueno, los anhelos que como sociedad hemos tenido, el crecimiento demogr\u00e1fico, no solamente como espacio f\u00edsico sino tambi\u00e9n como espacio de confluencia de utop\u00edas, de sue\u00f1os y de miradas sobre los territorios. La experiencia de la Universidad propia, para que nuestros vecinos puedan estudiar carreras que alguna vez vieron lejos y que hoy est\u00e1n m\u00e1s cerca que nunca.<\/span><\/p>\n<p><span style=\"font-weight: 400;\">El acompa\u00f1amiento del crecimiento con m\u00e1s obras p\u00fablicas, de asfalto, de iluminaci\u00f3n, de cloacas, de accesos, tiene que ver con una pol\u00edtica p\u00fablica concreta para el crecimiento del lugar, pero tambi\u00e9n para la felicidad del pueblo. Estos \u00faltimos, fueron a\u00f1os dif\u00edciles, en los cuales recalcular los objetivos fue casi una premisa para volver a conectarnos como sociedad, para crear nuevas miradas redistributivas y m\u00e1s equitativas, con miradas de inclusi\u00f3n entre nosotros mismos.\u00a0<\/span><\/p>\n<p><span style=\"font-weight: 400;\">Esos espacios de confluencia, son los que nos permiten volvernos a pensar como un todo en si mismo, son los que nos conectan con el otro, esos espacios de mancomunidad son los que permeabilizan alternativas de lo posible para que se generen espacios de compresi\u00f3n y de construcci\u00f3n colectiva, democr\u00e1tica y donde se comparten sue\u00f1os.\u00a0<\/span><\/p>\n<p><span style=\"font-weight: 400;\">Siempre los anhelos colectivos son m\u00e1s importantes que los individuales, practicar esos espacios es lo que, de cara al futuro puede materializar las diferencias entre una sociedad en donde impere la desuni\u00f3n o donde la uni\u00f3n, se la premisa de un nuevo tiempo inclusivo. La democracia solo es perfeccionable con mas democr\u00e1tica, con espacios de reconocimiento colectivo que pongan de manifiesto aquellas cosas que supimos abrazar en estos 150 a\u00f1os de historia de nuestra comunidad. \u00a0 <\/span><\/p>\n","protected":false},"excerpt":{"rendered":"<p>&nbsp; Los 150 a\u00f1os de historia, son parte de poner en valor la pol\u00edtica que se viene llevando adelante desde<\/p>\n","protected":false},"author":1,"featured_media":96100,"comment_status":"closed","ping_status":"closed","sticky":false,"template":"","format":"standard","meta":{"kia_subtitle":"","footnotes":"","jetpack_publicize_message":"Almirante Brown vestido de fiesta","jetpack_publicize_feature_enabled":true,"jetpack_social_post_already_shared":true,"jetpack_social_options":{"image_generator_settings":{"template":"highway","default_image_id":0,"font":"","enabled":false},"version":2}},"categories":[26],"tags":[],"class_list":["post-96099","post","type-post","status-publish","format-standard","has-post-thumbnail","hentry","category-editorial"],"jetpack_publicize_connections":[],"jetpack_featured_media_url":"https:\/\/laurbedigital.com.ar\/noticias\/wp-content\/uploads\/2023\/09\/20230926-Brown.jpg","_links":{"self":[{"href":"https:\/\/laurbedigital.com.ar\/noticias\/wp-json\/wp\/v2\/posts\/96099","targetHints":{"allow":["GET"]}}],"collection":[{"href":"https:\/\/laurbedigital.com.ar\/noticias\/wp-json\/wp\/v2\/posts"}],"about":[{"href":"https:\/\/laurbedigital.com.ar\/noticias\/wp-json\/wp\/v2\/types\/post"}],"author":[{"embeddable":true,"href":"https:\/\/laurbedigital.com.ar\/noticias\/wp-json\/wp\/v2\/users\/1"}],"replies":[{"embeddable":true,"href":"https:\/\/laurbedigital.com.ar\/noticias\/wp-json\/wp\/v2\/comments?post=96099"}],"version-history":[{"count":2,"href":"https:\/\/laurbedigital.com.ar\/noticias\/wp-json\/wp\/v2\/posts\/96099\/revisions"}],"predecessor-version":[{"id":96102,"href":"https:\/\/laurbedigital.com.ar\/noticias\/wp-json\/wp\/v2\/posts\/96099\/revisions\/96102"}],"wp:featuredmedia":[{"embeddable":true,"href":"https:\/\/laurbedigital.com.ar\/noticias\/wp-json\/wp\/v2\/media\/96100"}],"wp:attachment":[{"href":"https:\/\/laurbedigital.com.ar\/noticias\/wp-json\/wp\/v2\/media?parent=96099"}],"wp:term":[{"taxonomy":"category","embeddable":true,"href":"https:\/\/laurbedigital.com.ar\/noticias\/wp-json\/wp\/v2\/categories?post=96099"},{"taxonomy":"post_tag","embeddable":true,"href":"https:\/\/laurbedigital.com.ar\/noticias\/wp-json\/wp\/v2\/tags?post=96099"}],"curies":[{"name":"wp","href":"https:\/\/api.w.org\/{rel}","templated":true}]}}