{"id":95941,"date":"2023-09-21T14:03:59","date_gmt":"2023-09-21T17:03:59","guid":{"rendered":"https:\/\/laurbedigital.com.ar\/noticias\/?p=95941"},"modified":"2023-09-21T14:03:59","modified_gmt":"2023-09-21T17:03:59","slug":"kreplak-cascallares-y-fabiani-inauguraron-un-nuevo-caps-y-entregaron-cuatro-ambulancias","status":"publish","type":"post","link":"https:\/\/laurbedigital.com.ar\/noticias\/2023\/09\/21\/kreplak-cascallares-y-fabiani-inauguraron-un-nuevo-caps-y-entregaron-cuatro-ambulancias\/","title":{"rendered":"Kreplak, Cascallares y Fabiani inauguraron un nuevo CAPS y entregaron cuatro ambulancias"},"content":{"rendered":"<div>\n<p>&nbsp;<\/p>\n<h6><strong>El ministro de Salud bonaerense, Nicol\u00e1s Kreplak, inaugur\u00f3 junto a Mariano Cascallares y Juan Fabiani el nuevo Centro de Atenci\u00f3n Primaria de la Salud (CAPS) N\u00b0 33 \u201cLibertad\u201d de Don Orione, que ya est\u00e1 brindando servicios a la comunidad. Adem\u00e1s entregados cuatro ambulancias nuevas destinadas a Almirante Brown.<\/strong><\/h6>\n<p>La jornada se llev\u00f3 adelante en el nuevo edificio\u00a0que se ubica en la intersecci\u00f3n de las calles Araujo y R\u00edo Diamante, en inmediaciones de la nueva Delegaci\u00f3n Municipal de la localidad de San Francisco de As\u00eds, donde las autoridades realizaron el tradicional corte de cintas.<\/p>\n<p>De esta manera, se suma un nuevo CAPS a la red de atenci\u00f3n primaria de la Comuna, contando actualmente con 33 centros de salud, los cuales todos fueron refaccionados a nuevo y otros directamente creados en lugares donde hac\u00edan falta.<\/p>\n<p><img loading=\"lazy\" decoding=\"async\" class=\"alignnone size-full wp-image-95943\" src=\"https:\/\/laurbedigital.com.ar\/noticias\/wp-content\/uploads\/2023\/09\/00CAPS2.jpg\" alt=\"\" width=\"1366\" height=\"911\" title=\"\" srcset=\"https:\/\/laurbedigital.com.ar\/noticias\/wp-content\/uploads\/2023\/09\/00CAPS2.jpg 1366w, https:\/\/laurbedigital.com.ar\/noticias\/wp-content\/uploads\/2023\/09\/00CAPS2-300x200.jpg 300w, https:\/\/laurbedigital.com.ar\/noticias\/wp-content\/uploads\/2023\/09\/00CAPS2-1024x683.jpg 1024w, https:\/\/laurbedigital.com.ar\/noticias\/wp-content\/uploads\/2023\/09\/00CAPS2-768x512.jpg 768w\" sizes=\"auto, (max-width: 1366px) 100vw, 1366px\" \/><\/p>\n<p>Durante la actividad, Kreplak, Cascallares y Fabiani descubrieron tambi\u00e9n junto al secretario de Salud local, Walter G\u00f3mez, y la subsecretaria Mariana \u00c1vila, una placa conmemorativa por este acontecimiento tan importante para el distrito.<\/p>\n<p>Adem\u00e1s, el ministro Kreplak hizo entrega de cuatro nuevas ambulancias. Una para el sistema 107 AB, otra para la UPA de Longchamps, una para el hospital Lucio Mel\u00e9ndez, de Adrogu\u00e9, que se suma a la incorporada en mayo; y \u00faltima para el Arturo O\u00f1ativia, de Rafael Calzada, con el objetivo de seguir potenciando sus prestaciones.<\/p>\n<h6>\u201cSin dudas es otro d\u00eda hist\u00f3rico para Almirante Brown, inaugurando este nuevo CAPS en Don Orione para seguir sumando servicios para nuestros vecinos y vecinas, adem\u00e1s de la incorporaci\u00f3n de tres nuevas ambulancias para el distrito, gracias al enorme trabajo articulado con el Gobierno de la Provincia de Buenos Aires\u201d, subray\u00f3 Mariano Cascallares.<\/h6>\n<h6>Por su parte, Kreplak, remarc\u00f3 que \u201choy es un d\u00eda con una agenda sanitaria enorme, donde en Almirante Brown inauguramos un centro de salud de 470 metros cuadrados llamado \u201cH\u00e9roes de Malvinas\u201d y tiene que ver con recuperar la atenci\u00f3n primaria y el cuidado de la salud en una zona que creci\u00f3 mucho y tambi\u00e9n reivindicar a nuestros ex combatientes\u201d.<\/h6>\n<p>Este moderno espacio cuenta con cuatro consultorios generales, uno odontol\u00f3gico, uno ginecol\u00f3gico, un vacunatorio, farmacia, zona de dep\u00f3sito y oficinas de administraci\u00f3n.<\/p>\n<p><img loading=\"lazy\" decoding=\"async\" class=\"alignnone size-full wp-image-95944\" src=\"https:\/\/laurbedigital.com.ar\/noticias\/wp-content\/uploads\/2023\/09\/00CAPS3.jpg\" alt=\"\" width=\"1366\" height=\"911\" title=\"\" srcset=\"https:\/\/laurbedigital.com.ar\/noticias\/wp-content\/uploads\/2023\/09\/00CAPS3.jpg 1366w, https:\/\/laurbedigital.com.ar\/noticias\/wp-content\/uploads\/2023\/09\/00CAPS3-300x200.jpg 300w, https:\/\/laurbedigital.com.ar\/noticias\/wp-content\/uploads\/2023\/09\/00CAPS3-1024x683.jpg 1024w, https:\/\/laurbedigital.com.ar\/noticias\/wp-content\/uploads\/2023\/09\/00CAPS3-768x512.jpg 768w\" sizes=\"auto, (max-width: 1366px) 100vw, 1366px\" \/><\/p>\n<p>Adem\u00e1s, cuenta con un sal\u00f3n de usos m\u00faltiples, sala de espera, y seis m\u00f3dulos sanitarios, dos de ellos adaptados para personas con discapacidad, y los servicios b\u00e1sicos de cloacas, agua, gas y luz.<\/p>\n<p>Finalmente, la obra incluy\u00f3 tambi\u00e9n la construcci\u00f3n de las veredas aleda\u00f1as y de trabajos de parquizado en sus alrededores, todo a metros de la nueva delegaci\u00f3n local.<\/p>\n<\/div>\n<p>&nbsp;<\/p>\n","protected":false},"excerpt":{"rendered":"<p>&nbsp; El ministro de Salud bonaerense, Nicol\u00e1s Kreplak, inaugur\u00f3 junto a Mariano Cascallares y Juan Fabiani el nuevo Centro de<\/p>\n","protected":false},"author":1,"featured_media":95942,"comment_status":"closed","ping_status":"closed","sticky":false,"template":"","format":"standard","meta":{"kia_subtitle":"","footnotes":"","jetpack_publicize_message":"Kreplak, Cascallares y Fabiani inauguraron un nuevo CAPS y entregaron cuatro ambulancias","jetpack_publicize_feature_enabled":true,"jetpack_social_post_already_shared":true,"jetpack_social_options":{"image_generator_settings":{"template":"highway","default_image_id":0,"font":"","enabled":false},"version":2}},"categories":[2,33,252],"tags":[],"class_list":["post-95941","post","type-post","status-publish","format-standard","has-post-thumbnail","hentry","category-alte-brown","category-alte-brown-alte-brown","category-san-francisco-de-asis"],"jetpack_publicize_connections":[],"jetpack_featured_media_url":"https:\/\/laurbedigital.com.ar\/noticias\/wp-content\/uploads\/2023\/09\/20230921-Brown-CAPS.jpg","_links":{"self":[{"href":"https:\/\/laurbedigital.com.ar\/noticias\/wp-json\/wp\/v2\/posts\/95941","targetHints":{"allow":["GET"]}}],"collection":[{"href":"https:\/\/laurbedigital.com.ar\/noticias\/wp-json\/wp\/v2\/posts"}],"about":[{"href":"https:\/\/laurbedigital.com.ar\/noticias\/wp-json\/wp\/v2\/types\/post"}],"author":[{"embeddable":true,"href":"https:\/\/laurbedigital.com.ar\/noticias\/wp-json\/wp\/v2\/users\/1"}],"replies":[{"embeddable":true,"href":"https:\/\/laurbedigital.com.ar\/noticias\/wp-json\/wp\/v2\/comments?post=95941"}],"version-history":[{"count":3,"href":"https:\/\/laurbedigital.com.ar\/noticias\/wp-json\/wp\/v2\/posts\/95941\/revisions"}],"predecessor-version":[{"id":95948,"href":"https:\/\/laurbedigital.com.ar\/noticias\/wp-json\/wp\/v2\/posts\/95941\/revisions\/95948"}],"wp:featuredmedia":[{"embeddable":true,"href":"https:\/\/laurbedigital.com.ar\/noticias\/wp-json\/wp\/v2\/media\/95942"}],"wp:attachment":[{"href":"https:\/\/laurbedigital.com.ar\/noticias\/wp-json\/wp\/v2\/media?parent=95941"}],"wp:term":[{"taxonomy":"category","embeddable":true,"href":"https:\/\/laurbedigital.com.ar\/noticias\/wp-json\/wp\/v2\/categories?post=95941"},{"taxonomy":"post_tag","embeddable":true,"href":"https:\/\/laurbedigital.com.ar\/noticias\/wp-json\/wp\/v2\/tags?post=95941"}],"curies":[{"name":"wp","href":"https:\/\/api.w.org\/{rel}","templated":true}]}}