{"id":95816,"date":"2023-09-18T18:27:35","date_gmt":"2023-09-18T21:27:35","guid":{"rendered":"https:\/\/laurbedigital.com.ar\/noticias\/?p=95816"},"modified":"2023-09-18T18:27:35","modified_gmt":"2023-09-18T21:27:35","slug":"emotivo-festejo-de-los-jardines-de-infantes-locales-en-la-plaza-brown","status":"publish","type":"post","link":"https:\/\/laurbedigital.com.ar\/noticias\/2023\/09\/18\/emotivo-festejo-de-los-jardines-de-infantes-locales-en-la-plaza-brown\/","title":{"rendered":"Emotivo festejo de los Jardines de Infantes locales en la Plaza Brown"},"content":{"rendered":"<div>\n<p>&nbsp;<\/p>\n<h6><strong>Mariano Cascallares y Juan Fabiani participaron de una jornada educativa y de festejo junto a los alumnos y las docentes de Jardines de Infantes de nuestro distrito.<\/strong><\/h6>\n<p>La Plaza Brown de Adrogu\u00e9, ubicada en Diagonal Brown y Rosales, fue escenario del encuentro que reuni\u00f3 a la comunidad educativa de los jardines N\u00b0 901, 902 y 908 de dicha localidad. All\u00ed, no solo se exhibieron los diferentes trabajos pedag\u00f3gicos realizados por las ni\u00f1as y ni\u00f1os durante el presente a\u00f1o 2023, sino tambi\u00e9n desarrollaron numerosas actividades recreativas.<\/p>\n<h6>Durante el evento Cascallares se\u00f1al\u00f3: \u201cComo todos los a\u00f1os acompa\u00f1amos a los Jardines de Infantes de nuestro distrito en esta jornada recreativa y de festejo que re\u00fane a toda la comunidad educativa, tanto a docentes como alumnos y sus padres\u201d, al tiempo que subray\u00f3 el fuerte compromiso del Municipio con la educaci\u00f3n, sumando infraestructura escolar con la construcci\u00f3n de 44 instituciones de todos los niveles y modalidades.<\/p>\n<p><img loading=\"lazy\" decoding=\"async\" class=\"alignnone size-full wp-image-95818\" src=\"https:\/\/laurbedigital.com.ar\/noticias\/wp-content\/uploads\/2023\/09\/jardin1-scaled.jpg\" alt=\"\" width=\"2560\" height=\"1709\" title=\"\" srcset=\"https:\/\/laurbedigital.com.ar\/noticias\/wp-content\/uploads\/2023\/09\/jardin1-scaled.jpg 2560w, https:\/\/laurbedigital.com.ar\/noticias\/wp-content\/uploads\/2023\/09\/jardin1-300x200.jpg 300w, https:\/\/laurbedigital.com.ar\/noticias\/wp-content\/uploads\/2023\/09\/jardin1-1024x684.jpg 1024w, https:\/\/laurbedigital.com.ar\/noticias\/wp-content\/uploads\/2023\/09\/jardin1-768x513.jpg 768w, https:\/\/laurbedigital.com.ar\/noticias\/wp-content\/uploads\/2023\/09\/jardin1-1536x1025.jpg 1536w, https:\/\/laurbedigital.com.ar\/noticias\/wp-content\/uploads\/2023\/09\/jardin1-2048x1367.jpg 2048w\" sizes=\"auto, (max-width: 2560px) 100vw, 2560px\" \/><\/h6>\n<p>Asimismo, recorri\u00f3 junto Fabiani los diferentes stands ubicados en la plaza donde se presentaron, entre otros, proyectos sobre alimentaci\u00f3n, ambiente, arte, cosm\u00e9tica y peluquer\u00eda.<\/p>\n<p>Cabe se\u00f1alar, que el proyecto de las plazas, en el marco del D\u00eda de los Jardines de Infantes, tiene por objetivo que las instituciones educativas de nivel inicial, trasciendan las paredes de las aulas y muestren su trabajo pedag\u00f3gico en los espacios p\u00fablicos del distrito. Dichas acciones se llevan adelante a partir de la pandemia del Covid en todas las localidades de Almirante Brown.<\/p>\n<p><img loading=\"lazy\" decoding=\"async\" class=\"alignnone size-full wp-image-95819\" src=\"https:\/\/laurbedigital.com.ar\/noticias\/wp-content\/uploads\/2023\/09\/jardin2-scaled.jpg\" alt=\"\" width=\"2560\" height=\"1709\" title=\"\" srcset=\"https:\/\/laurbedigital.com.ar\/noticias\/wp-content\/uploads\/2023\/09\/jardin2-scaled.jpg 2560w, https:\/\/laurbedigital.com.ar\/noticias\/wp-content\/uploads\/2023\/09\/jardin2-300x200.jpg 300w, https:\/\/laurbedigital.com.ar\/noticias\/wp-content\/uploads\/2023\/09\/jardin2-1024x684.jpg 1024w, https:\/\/laurbedigital.com.ar\/noticias\/wp-content\/uploads\/2023\/09\/jardin2-768x513.jpg 768w, https:\/\/laurbedigital.com.ar\/noticias\/wp-content\/uploads\/2023\/09\/jardin2-1536x1025.jpg 1536w, https:\/\/laurbedigital.com.ar\/noticias\/wp-content\/uploads\/2023\/09\/jardin2-2048x1367.jpg 2048w\" sizes=\"auto, (max-width: 2560px) 100vw, 2560px\" \/><\/p>\n<p>Fueron tambi\u00e9n parte de la jornada, el secretario de Educaci\u00f3n, Ciencia y Tecnolog\u00eda del Municipio, Sergio Pianciola; la inspectora jefa distrital, In\u00e9s Centuri\u00f3n y la delegada de Adrogu\u00e9, Mar\u00eda Jos\u00e9 Zandonadi, adem\u00e1s de autoridades escolares.<\/p>\n<\/div>\n<p>&nbsp;<\/p>\n<div class=\"adL\"><\/div>\n","protected":false},"excerpt":{"rendered":"<p>&nbsp; Mariano Cascallares y Juan Fabiani participaron de una jornada educativa y de festejo junto a los alumnos y las<\/p>\n","protected":false},"author":1,"featured_media":95817,"comment_status":"closed","ping_status":"closed","sticky":false,"template":"","format":"standard","meta":{"kia_subtitle":"","footnotes":"","jetpack_publicize_message":"Emotivo festejo de los Jardines de Infantes locales en la Plaza Brown","jetpack_publicize_feature_enabled":true,"jetpack_social_post_already_shared":true,"jetpack_social_options":{"image_generator_settings":{"template":"highway","default_image_id":0,"font":"","enabled":false},"version":2}},"categories":[2,51,33],"tags":[],"class_list":["post-95816","post","type-post","status-publish","format-standard","has-post-thumbnail","hentry","category-alte-brown","category-adrogue","category-alte-brown-alte-brown"],"jetpack_publicize_connections":[],"jetpack_featured_media_url":"https:\/\/laurbedigital.com.ar\/noticias\/wp-content\/uploads\/2023\/09\/20230918-Brown-Cascallares-Fabiani-jardin.jpg","_links":{"self":[{"href":"https:\/\/laurbedigital.com.ar\/noticias\/wp-json\/wp\/v2\/posts\/95816","targetHints":{"allow":["GET"]}}],"collection":[{"href":"https:\/\/laurbedigital.com.ar\/noticias\/wp-json\/wp\/v2\/posts"}],"about":[{"href":"https:\/\/laurbedigital.com.ar\/noticias\/wp-json\/wp\/v2\/types\/post"}],"author":[{"embeddable":true,"href":"https:\/\/laurbedigital.com.ar\/noticias\/wp-json\/wp\/v2\/users\/1"}],"replies":[{"embeddable":true,"href":"https:\/\/laurbedigital.com.ar\/noticias\/wp-json\/wp\/v2\/comments?post=95816"}],"version-history":[{"count":3,"href":"https:\/\/laurbedigital.com.ar\/noticias\/wp-json\/wp\/v2\/posts\/95816\/revisions"}],"predecessor-version":[{"id":95822,"href":"https:\/\/laurbedigital.com.ar\/noticias\/wp-json\/wp\/v2\/posts\/95816\/revisions\/95822"}],"wp:featuredmedia":[{"embeddable":true,"href":"https:\/\/laurbedigital.com.ar\/noticias\/wp-json\/wp\/v2\/media\/95817"}],"wp:attachment":[{"href":"https:\/\/laurbedigital.com.ar\/noticias\/wp-json\/wp\/v2\/media?parent=95816"}],"wp:term":[{"taxonomy":"category","embeddable":true,"href":"https:\/\/laurbedigital.com.ar\/noticias\/wp-json\/wp\/v2\/categories?post=95816"},{"taxonomy":"post_tag","embeddable":true,"href":"https:\/\/laurbedigital.com.ar\/noticias\/wp-json\/wp\/v2\/tags?post=95816"}],"curies":[{"name":"wp","href":"https:\/\/api.w.org\/{rel}","templated":true}]}}