{"id":95740,"date":"2023-09-16T03:19:22","date_gmt":"2023-09-16T06:19:22","guid":{"rendered":"https:\/\/laurbedigital.com.ar\/noticias\/?p=95740"},"modified":"2023-09-16T03:19:22","modified_gmt":"2023-09-16T06:19:22","slug":"devolucion-del-iva-confirman-que-se-incorporaran-las-billeteras-virtuales","status":"publish","type":"post","link":"https:\/\/laurbedigital.com.ar\/noticias\/2023\/09\/16\/devolucion-del-iva-confirman-que-se-incorporaran-las-billeteras-virtuales\/","title":{"rendered":"Devoluci\u00f3n del IVA: confirman que se incorporar\u00e1n las billeteras virtuales"},"content":{"rendered":"<p>&nbsp;<\/p>\n<h6 class=\"speak\"><strong>El titular de la AFIP adelant\u00f3 que la medida se pondr\u00e1 en marcha \u00abla semana pr\u00f3xima\u00bb, para sumar nuevos mecanismos en un programa que busca generar m\u00e1s demanda y mejorar el poder adquisitivo de los ingresos.<\/strong><\/h6>\n<p>A partir del pr\u00f3ximo lunes comenzar\u00e1 a funcionar el programa de devoluci\u00f3n del<strong>\u00a0Impuesto al Valor Agregado (IVA)\u00a0<\/strong>en las compras de art\u00edculos de la canasta b\u00e1sica. En principio s\u00f3lo se hab\u00eda contemplado el uso de las tarjetas d\u00e9bito, aunque ahora\u00a0<strong>se confirm\u00f3 que organismo incorporar\u00e1 a las billeteras virtuales.\u00a0<\/strong><\/p>\n<p>\u201c<strong>La semana pr\u00f3xima creo que ya estamos acordando para que sea tambi\u00e9n por billeteras virtuales<\/strong>\u201d, anticip\u00f3 Castagneto esta ma\u00f1ana en di\u00e1logo con<i>\u00a0FM Urbana Play.<\/i><\/p>\n<p>La medida tendr\u00e1 un tope de devoluci\u00f3n de $18.800. Abarcar\u00e1 a<strong>\u00a0trabajadores<\/strong>\u00a0que cobran salarios de hasta $708.000, beneficiarios de la<strong>\u00a0Asignaci\u00f3n Universal por Hijo<\/strong>\u00a0(AUH), quienes actualmente ten\u00edan un tope de reintegro de $4.056 por mes, 2.3 millones de<strong>\u00a0monotributistas<\/strong>\u00a0que no perciben otro ingreso de todas las categor\u00edas y 440.000<strong>\u00a0empleadas dom\u00e9sticas<\/strong>.<\/p>\n<p>Tambi\u00e9n tendr\u00e1n devoluci\u00f3n del IVA los siete millones de<strong>\u00a0jubilados y pensionados<\/strong>\u00a0de todo el pa\u00eds, quienes ya percib\u00edan previamente una devoluci\u00f3n del 15%, con el mismo tope de $ 18.800. Para acceder al beneficio, que devolver\u00e1 el 21% del IVA de estos producto, se deber\u00e1 abonar con tarjeta de d\u00e9bito.<\/p>\n<p>Luego de la transacci\u00f3n,<strong>\u00a0el monto ser\u00e1 reintegrado a la cuenta bancaria asociada a dicha tarjeta en un m\u00e1ximo de 48 horas<\/strong>.<\/p>\n<p>Esta medida tendr\u00e1 vigencia hasta el pr\u00f3ximo 31 de diciembre, pero el\u00a0<strong>Poder Ejecutivo\u00a0<\/strong>enviar\u00e1 un proyecto de ley para extender el beneficio en el tiempo, actualiz\u00e1ndose autom\u00e1ticamente el tope mensual de reintegro a un valor equivalente al 21% del valor de la Canasta B\u00e1sica Alimentaria (CBA) para cuatro integrantes.<\/p>\n<p><strong>El funcionario explic\u00f3 que el tope mensual de reintegro es contabilizado por persona, es decir \u201cpor CUIL o CUIT\u201d.<\/strong>\u00a0Se\u00f1al\u00f3, por otro lado, que en los primeros d\u00edas de implementada la medida, el descuento del 21% se har\u00e1 sobre el ticket de compra, sin importar que el producto adquirido no sea de la canasta b\u00e1sica.<\/p>\n<p>\u201cEn 15 d\u00edas vamos a poder determinar por cada producto de la canasta b\u00e1sica, los cuales van a tener un indicador y nosotros, a trav\u00e9s de un robot, podremos ver r\u00e1pidamente en qu\u00e9 consiste lo que se compr\u00f3\u201d, agreg\u00f3.<\/p>\n<p>\u201cCon esto buscamos devolver parte de la devaluaci\u00f3n y la inflaci\u00f3n, y tambi\u00e9n queremos generar una conciencia ciudadana para que se use m\u00e1s la tarjeta de d\u00e9bito y no tanto el efectivo\u201d, destac\u00f3 el titular de la AFIP.<\/p>\n","protected":false},"excerpt":{"rendered":"<p>&nbsp; El titular de la AFIP adelant\u00f3 que la medida se pondr\u00e1 en marcha \u00abla semana pr\u00f3xima\u00bb, para sumar nuevos<\/p>\n","protected":false},"author":1,"featured_media":95741,"comment_status":"closed","ping_status":"closed","sticky":false,"template":"","format":"standard","meta":{"kia_subtitle":"","footnotes":"","jetpack_publicize_message":"Devoluci\u00f3n del IVA: confirman que se incorporar\u00e1n las billeteras virtuales","jetpack_publicize_feature_enabled":true,"jetpack_social_post_already_shared":true,"jetpack_social_options":{"image_generator_settings":{"template":"highway","default_image_id":0,"font":"","enabled":false},"version":2}},"categories":[3,41],"tags":[],"class_list":["post-95740","post","type-post","status-publish","format-standard","has-post-thumbnail","hentry","category-actualidad","category-nacionales"],"jetpack_publicize_connections":[],"jetpack_featured_media_url":"https:\/\/laurbedigital.com.ar\/noticias\/wp-content\/uploads\/2023\/09\/20230916-billetera-virtual.jpg","_links":{"self":[{"href":"https:\/\/laurbedigital.com.ar\/noticias\/wp-json\/wp\/v2\/posts\/95740","targetHints":{"allow":["GET"]}}],"collection":[{"href":"https:\/\/laurbedigital.com.ar\/noticias\/wp-json\/wp\/v2\/posts"}],"about":[{"href":"https:\/\/laurbedigital.com.ar\/noticias\/wp-json\/wp\/v2\/types\/post"}],"author":[{"embeddable":true,"href":"https:\/\/laurbedigital.com.ar\/noticias\/wp-json\/wp\/v2\/users\/1"}],"replies":[{"embeddable":true,"href":"https:\/\/laurbedigital.com.ar\/noticias\/wp-json\/wp\/v2\/comments?post=95740"}],"version-history":[{"count":3,"href":"https:\/\/laurbedigital.com.ar\/noticias\/wp-json\/wp\/v2\/posts\/95740\/revisions"}],"predecessor-version":[{"id":95744,"href":"https:\/\/laurbedigital.com.ar\/noticias\/wp-json\/wp\/v2\/posts\/95740\/revisions\/95744"}],"wp:featuredmedia":[{"embeddable":true,"href":"https:\/\/laurbedigital.com.ar\/noticias\/wp-json\/wp\/v2\/media\/95741"}],"wp:attachment":[{"href":"https:\/\/laurbedigital.com.ar\/noticias\/wp-json\/wp\/v2\/media?parent=95740"}],"wp:term":[{"taxonomy":"category","embeddable":true,"href":"https:\/\/laurbedigital.com.ar\/noticias\/wp-json\/wp\/v2\/categories?post=95740"},{"taxonomy":"post_tag","embeddable":true,"href":"https:\/\/laurbedigital.com.ar\/noticias\/wp-json\/wp\/v2\/tags?post=95740"}],"curies":[{"name":"wp","href":"https:\/\/api.w.org\/{rel}","templated":true}]}}