{"id":95736,"date":"2023-09-16T03:03:20","date_gmt":"2023-09-16T06:03:20","guid":{"rendered":"https:\/\/laurbedigital.com.ar\/noticias\/?p=95736"},"modified":"2023-09-16T03:03:20","modified_gmt":"2023-09-16T06:03:20","slug":"violencia-domestica-hubo-mas-de-140-mil-denuncias-en-15-anos","status":"publish","type":"post","link":"https:\/\/laurbedigital.com.ar\/noticias\/2023\/09\/16\/violencia-domestica-hubo-mas-de-140-mil-denuncias-en-15-anos\/","title":{"rendered":"Violencia Dom\u00e9stica: hubo m\u00e1s de 140 mil denuncias en 15 a\u00f1os"},"content":{"rendered":"<p>&nbsp;<\/p>\n<h6><strong>La oficina, que atiende las 24 horas todos los d\u00edas del a\u00f1o, present\u00f3 un informe en el cual detall\u00f3 que m\u00e1s de 200.000 personas realizaron denuncias: una de cada tres fueron mujeres, y el 30% fueron ni\u00f1as, ni\u00f1os y adolescentes. El 80% de las personas denunciadas fueron varones.<\/strong><\/h6>\n<p>La Oficina de Violencia Dom\u00e9stica (OVD) de la Corte Suprema de Justicia de la Naci\u00f3n (CSJN), que atiende las 24 horas todos los d\u00edas del a\u00f1o, recibi\u00f3 140.260 denuncias en sus 15 a\u00f1os de existencia, en las que los casos de violencia psicol\u00f3gica y f\u00edsica fueron los m\u00e1s registrados, inform\u00f3 el organismo.<\/p>\n<p>En su d\u00e9cimo quinto aniversario, la OVD, que fue creada el 15 de septiembre de 2008, elabor\u00f3 un informe especial llamado\u00a0<strong>\u201c15 A\u00f1os de Trabajo de la Oficina de Violencia Dom\u00e9stica 2008 \u2013 2023\u201d<\/strong>\u00a0donde inform\u00f3 que acudieron a la oficina 216.733 personas, y las principales afectadas fueron mujeres (64%), y ni\u00f1as, ni\u00f1os y adolescentes (30%).<\/p>\n<p>\u201cLa OVD se ha transformado en un organismo referente en la materia, no solo por su disponibilidad permanente, sino por el profesionalismo y compromiso con que todos sus integrantes se abocan a su tarea diaria\u201d, asegur\u00f3\u00a0<strong>Carlos Rosenkrantz<\/strong>, vicepresidente de la Corte, de quien depende la OVD.<\/p>\n<p>El magistrado sostuvo que fueron 15 a\u00f1os \u201cde un esfuerzo constante por asegurar el\u00a0<strong>acceso a justicia<\/strong>\u00a0a las personas afectadas por hechos de violencia familiar, as\u00ed como de brindar<strong>\u00a0contenci\u00f3n, respuesta y acceso a otros servicios<\/strong>\u00a0mediante el trabajo coordinado con diversos organismos\u201d.<\/p>\n<h4 class=\"wp-block-heading\"><strong>Tipos de violencias<\/strong><\/h4>\n<p>En las denuncias, los equipos interdisciplinarios de la OVD evaluaron el riesgo de las personas afectadas y determinaron la presencia de diferentes tipos de violencia:<br \/>\n<strong>\u2022\u00a0<\/strong>El\u00a0<strong>96%\u00a0<\/strong>de los casos:\u00a0<strong>psicol\u00f3gica<\/strong><br \/>\n<strong>\u2022\u00a0<\/strong>El\u00a0<strong>59%<\/strong>\u00a0de los casos:\u00a0<strong>f\u00edsica<\/strong><br \/>\n<strong>\u2022\u00a0<\/strong>El\u00a0<strong>32%\u00a0<\/strong>de los casos:\u00a0<strong>ambiental<br \/>\n\u2022\u00a0<\/strong>El\u00a0<strong>33%<\/strong>\u00a0de los casos:\u00a0<strong>econ\u00f3mica y patrimonial<\/strong><br \/>\n<strong>\u2022\u00a0<\/strong>El\u00a0<strong>17%<\/strong>\u00a0de los casos:\u00a0<strong>social<\/strong><br \/>\n<strong>\u2022\u00a0<\/strong>El\u00a0<strong>11%<\/strong>\u00a0de los casos:\u00a0<strong>sexual<\/strong><\/p>\n<p><strong>El 41% de los casos fue evaluado como de riesgo alt\u00edsimo y alto<\/strong>; el 47% como medio y moderado, y solo el 12% de los casos tuvo riesgo bajo.<\/p>\n<p>\u201cEl surgimiento de la OVD implic\u00f3 el redise\u00f1o del abordaje judicial sobre esta problem\u00e1tica, a partir de la incorporaci\u00f3n de equipos interdisciplinarios, integrados por profesionales de la abogac\u00eda, la psicolog\u00eda, el trabajo social y la medicina, para la evaluaci\u00f3n del riesgo, la correcta derivaci\u00f3n, el seguimiento judicial de los casos y el trabajo en red con otros organismos del Estado\u201d, valoraron desde esa dependencia.<\/p>\n<p><strong>El 80% de las personas denunciadas durante estos 15 a\u00f1os fueron varones\u00a0<\/strong>y el grupo etario de los m\u00e1s denunciados est\u00e1 comprendido entre los 22 y los 49 a\u00f1os (63%).<\/p>\n<p>Las denuncias recibidas fueron derivadas principalmente a la Justicia Nacional en lo Civil (99%) y a la Justicia Penal (88%).<\/p>\n<p>\u201cLa OVD implement\u00f3, desde sus inicios, un servicio in\u00e9dito en la Justicia argentina: atiende las 24 horas, todos los d\u00edas del a\u00f1o, incluso los fines de semana y feriados. En este sentido, en los \u00faltimos 15 a\u00f1os, 7 de cada 10 denuncias se hicieron fuera del horario judicial de atenci\u00f3n al p\u00fablico, lo que facilit\u00f3 el acceso a justicia de la poblaci\u00f3n afectada\u201d, concluyeron en un comunicado.<\/p>\n","protected":false},"excerpt":{"rendered":"<p>&nbsp; La oficina, que atiende las 24 horas todos los d\u00edas del a\u00f1o, present\u00f3 un informe en el cual detall\u00f3<\/p>\n","protected":false},"author":1,"featured_media":95737,"comment_status":"closed","ping_status":"closed","sticky":false,"template":"","format":"standard","meta":{"kia_subtitle":"","footnotes":"","jetpack_publicize_message":"Violencia Dom\u00e9stica: hubo m\u00e1s de 140 mil denuncias en 15 a\u00f1os","jetpack_publicize_feature_enabled":true,"jetpack_social_post_already_shared":true,"jetpack_social_options":{"image_generator_settings":{"template":"highway","default_image_id":0,"font":"","enabled":false},"version":2}},"categories":[3,41],"tags":[],"class_list":["post-95736","post","type-post","status-publish","format-standard","has-post-thumbnail","hentry","category-actualidad","category-nacionales"],"jetpack_publicize_connections":[],"jetpack_featured_media_url":"https:\/\/laurbedigital.com.ar\/noticias\/wp-content\/uploads\/2023\/09\/20230916-violencia-de-genero.jpg","_links":{"self":[{"href":"https:\/\/laurbedigital.com.ar\/noticias\/wp-json\/wp\/v2\/posts\/95736","targetHints":{"allow":["GET"]}}],"collection":[{"href":"https:\/\/laurbedigital.com.ar\/noticias\/wp-json\/wp\/v2\/posts"}],"about":[{"href":"https:\/\/laurbedigital.com.ar\/noticias\/wp-json\/wp\/v2\/types\/post"}],"author":[{"embeddable":true,"href":"https:\/\/laurbedigital.com.ar\/noticias\/wp-json\/wp\/v2\/users\/1"}],"replies":[{"embeddable":true,"href":"https:\/\/laurbedigital.com.ar\/noticias\/wp-json\/wp\/v2\/comments?post=95736"}],"version-history":[{"count":2,"href":"https:\/\/laurbedigital.com.ar\/noticias\/wp-json\/wp\/v2\/posts\/95736\/revisions"}],"predecessor-version":[{"id":95739,"href":"https:\/\/laurbedigital.com.ar\/noticias\/wp-json\/wp\/v2\/posts\/95736\/revisions\/95739"}],"wp:featuredmedia":[{"embeddable":true,"href":"https:\/\/laurbedigital.com.ar\/noticias\/wp-json\/wp\/v2\/media\/95737"}],"wp:attachment":[{"href":"https:\/\/laurbedigital.com.ar\/noticias\/wp-json\/wp\/v2\/media?parent=95736"}],"wp:term":[{"taxonomy":"category","embeddable":true,"href":"https:\/\/laurbedigital.com.ar\/noticias\/wp-json\/wp\/v2\/categories?post=95736"},{"taxonomy":"post_tag","embeddable":true,"href":"https:\/\/laurbedigital.com.ar\/noticias\/wp-json\/wp\/v2\/tags?post=95736"}],"curies":[{"name":"wp","href":"https:\/\/api.w.org\/{rel}","templated":true}]}}