{"id":95192,"date":"2023-09-01T02:09:31","date_gmt":"2023-09-01T05:09:31","guid":{"rendered":"https:\/\/laurbedigital.com.ar\/noticias\/?p=95192"},"modified":"2023-09-01T02:09:31","modified_gmt":"2023-09-01T05:09:31","slug":"a-partir-de-septiembre-recien-nacidos-tendran-dni-con-70-millones","status":"publish","type":"post","link":"https:\/\/laurbedigital.com.ar\/noticias\/2023\/09\/01\/a-partir-de-septiembre-recien-nacidos-tendran-dni-con-70-millones\/","title":{"rendered":"A partir de septiembre, reci\u00e9n nacidos tendr\u00e1n DNI con 70 millones"},"content":{"rendered":"<p>&nbsp;<\/p>\n<h6><strong>El Registro Nacional de las Personas (Renaper) confirm\u00f3 que desde el mes de septiembre se comenzar\u00e1n a emitir el DNI para los reci\u00e9n nacidos en Argentina con numeraci\u00f3n a partir de los 70 millones, una vez que se agote la matr\u00edcula 59.999.999, dado que los 60 millones fueron asignados desde 2019 para CUIT y CUIL de extranjeros.<\/strong><\/h6>\n<p>Precisamente, esta situaci\u00f3n tiene que ver con una disposici\u00f3n del propio organismo,\u00a0<strong>la n\u00famero 4678\/2019 que se dict\u00f3 el 6 de diciembre de 2019, a d\u00edas del fin de la gesti\u00f3n del ex presidente Mauricio Macri, por lo que se asignaron las matr\u00edculas identificatorias desde el n\u00famero 60.000.000 al 69.999.999, para que sean utilizadas por la Administraci\u00f3n Nacional de la Seguridad Social (ANSES) y por la Administraci\u00f3n Federal de Ingresos P\u00fablicos (AFIP)<\/strong>, exclusivamente para la adjudicaci\u00f3n de C\u00f3digos \u00danicos de Identificaci\u00f3n Laboral (CUIL) y Claves \u00danicas de Identificaci\u00f3n Tributaria (CUIT) provisorios para personas extranjeras,\u00a0<span id=\"saysCMSEmphasisc446gft4r4l\" class=\"saysCMSEmphasis\">quedando inhabilitadas para su uso como n\u00fameros del Documento Nacional de Identidad (DNI).<\/p>\n<p><\/span>Por tal motivo, una vez agotada la matr\u00edcula<strong>\u00a059.999.999<\/strong>,\u00a0<strong>durante el mes de septiembre se comenzar\u00e1n a emitir DNI para reci\u00e9n nacidos en Argentina con numeraci\u00f3n a partir de los 70 millones<\/strong>, seg\u00fan confirm\u00f3 Santiago Rodr\u00edguez, titular del Renaper, organismo dependiente del Ministerio del Interior, a cargo de Wado de Pedro.<\/p>\n<p>&nbsp;<\/p>\n","protected":false},"excerpt":{"rendered":"<p>&nbsp; El Registro Nacional de las Personas (Renaper) confirm\u00f3 que desde el mes de septiembre se comenzar\u00e1n a emitir el<\/p>\n","protected":false},"author":1,"featured_media":95178,"comment_status":"closed","ping_status":"closed","sticky":false,"template":"","format":"standard","meta":{"kia_subtitle":"","footnotes":"","jetpack_publicize_message":"","jetpack_publicize_feature_enabled":true,"jetpack_social_post_already_shared":true,"jetpack_social_options":{"image_generator_settings":{"template":"highway","default_image_id":0,"font":"","enabled":false},"version":2}},"categories":[3,41],"tags":[],"class_list":["post-95192","post","type-post","status-publish","format-standard","has-post-thumbnail","hentry","category-actualidad","category-nacionales"],"jetpack_publicize_connections":[],"jetpack_featured_media_url":"https:\/\/laurbedigital.com.ar\/noticias\/wp-content\/uploads\/2023\/09\/20230901-dni.jpg","_links":{"self":[{"href":"https:\/\/laurbedigital.com.ar\/noticias\/wp-json\/wp\/v2\/posts\/95192","targetHints":{"allow":["GET"]}}],"collection":[{"href":"https:\/\/laurbedigital.com.ar\/noticias\/wp-json\/wp\/v2\/posts"}],"about":[{"href":"https:\/\/laurbedigital.com.ar\/noticias\/wp-json\/wp\/v2\/types\/post"}],"author":[{"embeddable":true,"href":"https:\/\/laurbedigital.com.ar\/noticias\/wp-json\/wp\/v2\/users\/1"}],"replies":[{"embeddable":true,"href":"https:\/\/laurbedigital.com.ar\/noticias\/wp-json\/wp\/v2\/comments?post=95192"}],"version-history":[{"count":2,"href":"https:\/\/laurbedigital.com.ar\/noticias\/wp-json\/wp\/v2\/posts\/95192\/revisions"}],"predecessor-version":[{"id":95194,"href":"https:\/\/laurbedigital.com.ar\/noticias\/wp-json\/wp\/v2\/posts\/95192\/revisions\/95194"}],"wp:featuredmedia":[{"embeddable":true,"href":"https:\/\/laurbedigital.com.ar\/noticias\/wp-json\/wp\/v2\/media\/95178"}],"wp:attachment":[{"href":"https:\/\/laurbedigital.com.ar\/noticias\/wp-json\/wp\/v2\/media?parent=95192"}],"wp:term":[{"taxonomy":"category","embeddable":true,"href":"https:\/\/laurbedigital.com.ar\/noticias\/wp-json\/wp\/v2\/categories?post=95192"},{"taxonomy":"post_tag","embeddable":true,"href":"https:\/\/laurbedigital.com.ar\/noticias\/wp-json\/wp\/v2\/tags?post=95192"}],"curies":[{"name":"wp","href":"https:\/\/api.w.org\/{rel}","templated":true}]}}