{"id":95113,"date":"2023-08-30T11:51:49","date_gmt":"2023-08-30T14:51:49","guid":{"rendered":"https:\/\/laurbedigital.com.ar\/noticias\/?p=95113"},"modified":"2023-08-30T11:53:14","modified_gmt":"2023-08-30T14:53:14","slug":"llega-una-nueva-edicion-de-la-expo-universidad-futuro-brown-2023","status":"publish","type":"post","link":"https:\/\/laurbedigital.com.ar\/noticias\/2023\/08\/30\/llega-una-nueva-edicion-de-la-expo-universidad-futuro-brown-2023\/","title":{"rendered":"Llega una nueva edici\u00f3n de la Expo Universidad \u201cFuturo Brown 2023\u201d"},"content":{"rendered":"<p>LLEGA UNA NUEVA EDICI\u00d3N DE LA EXPO UNIVERSIDAD \u201cFUTURO BROWN 2023\u201d<\/p>\n<h6>El Municipio de Almirante Brown realizar\u00e1 este viernes 1\u00b0 de septiembre una nueva edici\u00f3n de \u201cFuturo Brown 2023\u201d, una completa exposici\u00f3n de universidades de educaci\u00f3n superior destinada a estudiantes que est\u00e9n finalizando sus estudios secundarios para que puedan informarse de toda la oferta acad\u00e9mica de la regi\u00f3n para continuar su formaci\u00f3n.<\/h6>\n<p>La actividad se llevar\u00e1 adelante de 8:30 a 17 horas en la Casa de la Cultura de Adrogu\u00e9, e incluir\u00e1 charlas, actividades y stands para difundir las ofertas acad\u00e9micas de las universidades e Institutos Superiores de Formaci\u00f3n Docente de nuestra regi\u00f3n.<\/p>\n<p>Este a\u00f1o habr\u00e1, adem\u00e1s, exposiciones de expertos en orientaci\u00f3n vocacional\u00a0y\u00a0profesionales destacados\u00a0que compartir\u00e1n sus experiencias y consejos para ayudar a los j\u00f3venes a tomar decisiones informadas sobre su\u00a0futuro educativo.<\/p>\n<p><img loading=\"lazy\" decoding=\"async\" class=\"alignnone size-full wp-image-95116\" src=\"https:\/\/laurbedigital.com.ar\/noticias\/wp-content\/uploads\/2023\/08\/expo5.jpg\" alt=\"\" width=\"1600\" height=\"1067\" title=\"\" srcset=\"https:\/\/laurbedigital.com.ar\/noticias\/wp-content\/uploads\/2023\/08\/expo5.jpg 1600w, https:\/\/laurbedigital.com.ar\/noticias\/wp-content\/uploads\/2023\/08\/expo5-300x200.jpg 300w, https:\/\/laurbedigital.com.ar\/noticias\/wp-content\/uploads\/2023\/08\/expo5-1024x683.jpg 1024w, https:\/\/laurbedigital.com.ar\/noticias\/wp-content\/uploads\/2023\/08\/expo5-768x512.jpg 768w, https:\/\/laurbedigital.com.ar\/noticias\/wp-content\/uploads\/2023\/08\/expo5-1536x1024.jpg 1536w\" sizes=\"auto, (max-width: 1600px) 100vw, 1600px\" \/><\/p>\n<h6>\u201cEstamos muy contentos porque nuevamente llevaremos adelante la exposici\u00f3n \u00b4Futuro Brown 2023\u00b4, un espacio para que nuestros j\u00f3venes puedan conocer en un solo lugar, y de primera mano, todas las carreras y la oferta acad\u00e9mica de nuestra regi\u00f3n para que puedan continuar con sus estudios\u201d, remarc\u00f3 Mariano Cascallares.<\/h6>\n<h6>En esa l\u00ednea, agreg\u00f3 que \u00abhabr\u00e1 stands de la Universidad Nacional Guillermo Brown brindando informaci\u00f3n sobre las distintas carreras y tambi\u00e9n de universidades de distritos vecinos, adem\u00e1s de los centros de formaci\u00f3n docente, como el Instituto Superior de Formaci\u00f3n Docente N\u00b0 41, entre muchos otros\u00bb.<\/h6>\n<p>Durante la jornada, los visitantes podr\u00e1n interactuar con representantes de las instituciones, hacer preguntas y\u00a0obtener informaci\u00f3n detallada sobre las carreras y campos de estudio\u00a0que les interesen.<\/p>\n<p><img loading=\"lazy\" decoding=\"async\" class=\"alignnone size-full wp-image-95117\" src=\"https:\/\/laurbedigital.com.ar\/noticias\/wp-content\/uploads\/2023\/08\/expo6.jpg\" alt=\"\" width=\"1280\" height=\"854\" title=\"\" srcset=\"https:\/\/laurbedigital.com.ar\/noticias\/wp-content\/uploads\/2023\/08\/expo6.jpg 1280w, https:\/\/laurbedigital.com.ar\/noticias\/wp-content\/uploads\/2023\/08\/expo6-300x200.jpg 300w, https:\/\/laurbedigital.com.ar\/noticias\/wp-content\/uploads\/2023\/08\/expo6-1024x683.jpg 1024w, https:\/\/laurbedigital.com.ar\/noticias\/wp-content\/uploads\/2023\/08\/expo6-768x512.jpg 768w\" sizes=\"auto, (max-width: 1280px) 100vw, 1280px\" \/><\/p>\n<p>Organizado en distintos espacios dentro de Casa de la Cultura, habr\u00e1 espacios para la confecci\u00f3n de curriculum vitae, muestras teatrales vinculadas a la b\u00fasqueda de empleo, orientaci\u00f3n sobre distintas carreras y tambi\u00e9n espacios c\u00edvicos de construcci\u00f3n democr\u00e1tica.<\/p>\n<p>De la exposici\u00f3n forman parte la querida Universidad Nacional Guillermo Brown (UNAB); la Universidad Nacional de Lomas de Zamora (UNLZ), la Universidad Nacional de Lan\u00fas (UNLa); la Universidad Nacional de Avellaneda (UNDAV); la Universidad Nacional Arturo Jauretche (UNAJ); la Universidad Siglo 21, y la Universidad Provincial de Ezeiza.<\/p>\n<p><img loading=\"lazy\" decoding=\"async\" class=\"alignnone size-full wp-image-95115\" src=\"https:\/\/laurbedigital.com.ar\/noticias\/wp-content\/uploads\/2023\/08\/expo1.jpg\" alt=\"\" width=\"1280\" height=\"853\" title=\"\" srcset=\"https:\/\/laurbedigital.com.ar\/noticias\/wp-content\/uploads\/2023\/08\/expo1.jpg 1280w, https:\/\/laurbedigital.com.ar\/noticias\/wp-content\/uploads\/2023\/08\/expo1-300x200.jpg 300w, https:\/\/laurbedigital.com.ar\/noticias\/wp-content\/uploads\/2023\/08\/expo1-1024x682.jpg 1024w, https:\/\/laurbedigital.com.ar\/noticias\/wp-content\/uploads\/2023\/08\/expo1-768x512.jpg 768w\" sizes=\"auto, (max-width: 1280px) 100vw, 1280px\" \/><\/p>\n<p>Tambi\u00e9n la Universidad Nacional de las Artes (UNA), la Universidad Abierta Interamericana (UAI), el Instituto Municipal de M\u00fasica de Avellaneda; el Instituto de Formaci\u00f3n Docente N\u00ba41 y los Institutos Superiores de Formaci\u00f3n Docente y T\u00e9cnica N\u00ba18, N\u00ba53 , N\u00b099, N\u00b0214 y N\u00ba232, entre muchos otros m\u00e1s.<\/p>\n<p>Finalmente, desde la Secretar\u00eda de Educaci\u00f3n, Ciencia y Tecnolog\u00eda de Almirante Brown indicaron que habr\u00e1 sorteos de tablets y bicicletas para estudiantes de 5to y 6to a\u00f1o, quienes para participar deben inscribirse previamente a trav\u00e9s del siguiente link:\u00a0<a href=\"https:\/\/acortar.link\/CEqPoE\" target=\"_blank\" rel=\"nofollow noopener\" data-saferedirecturl=\"https:\/\/www.google.com\/url?q=https:\/\/acortar.link\/CEqPoE&amp;source=gmail&amp;ust=1693492688898000&amp;usg=AOvVaw3C0caoxCowjvHpYyT7Si5H\">https:\/\/acortar.link\/<wbr \/>CEqPoE<\/a><\/p>\n","protected":false},"excerpt":{"rendered":"<p>LLEGA UNA NUEVA EDICI\u00d3N DE LA EXPO UNIVERSIDAD \u201cFUTURO BROWN 2023\u201d El Municipio de Almirante Brown realizar\u00e1 este viernes 1\u00b0<\/p>\n","protected":false},"author":1,"featured_media":95114,"comment_status":"closed","ping_status":"closed","sticky":false,"template":"","format":"standard","meta":{"kia_subtitle":"","footnotes":"","jetpack_publicize_message":"Llega una nueva edici\u00f3n de la Expo Universidad \u201cFuturo Brown 2023\u201d","jetpack_publicize_feature_enabled":true,"jetpack_social_post_already_shared":true,"jetpack_social_options":{"image_generator_settings":{"template":"highway","default_image_id":0,"font":"","enabled":false},"version":2}},"categories":[2,51,33],"tags":[],"class_list":["post-95113","post","type-post","status-publish","format-standard","has-post-thumbnail","hentry","category-alte-brown","category-adrogue","category-alte-brown-alte-brown"],"jetpack_publicize_connections":[],"jetpack_featured_media_url":"https:\/\/laurbedigital.com.ar\/noticias\/wp-content\/uploads\/2023\/08\/20230830-Brown-Cascallares-expofuturo.jpg","_links":{"self":[{"href":"https:\/\/laurbedigital.com.ar\/noticias\/wp-json\/wp\/v2\/posts\/95113","targetHints":{"allow":["GET"]}}],"collection":[{"href":"https:\/\/laurbedigital.com.ar\/noticias\/wp-json\/wp\/v2\/posts"}],"about":[{"href":"https:\/\/laurbedigital.com.ar\/noticias\/wp-json\/wp\/v2\/types\/post"}],"author":[{"embeddable":true,"href":"https:\/\/laurbedigital.com.ar\/noticias\/wp-json\/wp\/v2\/users\/1"}],"replies":[{"embeddable":true,"href":"https:\/\/laurbedigital.com.ar\/noticias\/wp-json\/wp\/v2\/comments?post=95113"}],"version-history":[{"count":4,"href":"https:\/\/laurbedigital.com.ar\/noticias\/wp-json\/wp\/v2\/posts\/95113\/revisions"}],"predecessor-version":[{"id":95120,"href":"https:\/\/laurbedigital.com.ar\/noticias\/wp-json\/wp\/v2\/posts\/95113\/revisions\/95120"}],"wp:featuredmedia":[{"embeddable":true,"href":"https:\/\/laurbedigital.com.ar\/noticias\/wp-json\/wp\/v2\/media\/95114"}],"wp:attachment":[{"href":"https:\/\/laurbedigital.com.ar\/noticias\/wp-json\/wp\/v2\/media?parent=95113"}],"wp:term":[{"taxonomy":"category","embeddable":true,"href":"https:\/\/laurbedigital.com.ar\/noticias\/wp-json\/wp\/v2\/categories?post=95113"},{"taxonomy":"post_tag","embeddable":true,"href":"https:\/\/laurbedigital.com.ar\/noticias\/wp-json\/wp\/v2\/tags?post=95113"}],"curies":[{"name":"wp","href":"https:\/\/api.w.org\/{rel}","templated":true}]}}