{"id":95109,"date":"2023-08-30T12:37:31","date_gmt":"2023-08-30T15:37:31","guid":{"rendered":"https:\/\/laurbedigital.com.ar\/noticias\/?p=95109"},"modified":"2023-08-30T02:43:19","modified_gmt":"2023-08-30T05:43:19","slug":"netflix-el-publico-pide-a-gritos-el-regreso-de-esta-serie","status":"publish","type":"post","link":"https:\/\/laurbedigital.com.ar\/noticias\/2023\/08\/30\/netflix-el-publico-pide-a-gritos-el-regreso-de-esta-serie\/","title":{"rendered":"Netflix: el p\u00fablico pide a gritos el regreso de esta serie"},"content":{"rendered":"<p>&nbsp;<\/p>\n<h6><strong>Esta serie hizo historia en Netflix y despu\u00e9s de su cancelaci\u00f3n el p\u00fablico pidi\u00f3 a los gritos por su regreso.<\/strong><\/h6>\n<p><strong>Netflix<\/strong>\u00a0tiene una encantadora\u00a0<strong>serie\u00a0<\/strong>que se gan\u00f3 el coraz\u00f3n del p\u00fablico desde su primer cap\u00edtulo. Esta producci\u00f3n canadiense tuvo la emisi\u00f3n de su tercera y \u00faltima temporada en el a\u00f1o 2019 y luego fue discontinuada.<\/p>\n<p><strong>\u201cAnne with an E\u201d\u00a0<\/strong>es el nombre de esta fant\u00e1stica ficci\u00f3n basada en el libro\u00a0<strong>\u201cAna de las tejas verdes\u201d de Lucy Maud Montgomery<\/strong>. La actuaci\u00f3n protag\u00f3nica de\u00a0<strong>Amybeth McNulty<\/strong>\u00a0quedar\u00e1 por siempre en la memoria de los fan\u00e1ticos del programa que, desde hace tiempo, piden el regreso de la tira a la plataforma de streaming m\u00e1s popular.<\/p>\n<p>La extensi\u00f3n total es de<strong>\u00a027 cap\u00edtulos<\/strong>. Los mismos est\u00e1n distribuidos en<strong>\u00a03 temporadas<\/strong>. Los episodios tiene una duraci\u00f3n promedio de 1 hora.<\/p>\n<article>\n<h4><strong>Netflix: de qu\u00e9 se trata la serie \u201cAnne with an E\u201d<\/strong><\/h4>\n<p><strong>\u201cAnne Shirley es una ni\u00f1a hu\u00e9rfana que vive en un peque\u00f1o pueblo llamado Avonlea<\/strong>\u00a0que pertenece a la Isla del Pr\u00edncipe Eduardo, en el a\u00f1o 1890. Despu\u00e9s de una infancia dif\u00edcil, donde fue pasando de orfanato a hogares de acogida,<strong>\u00a0es enviada por error a vivir con una solterona y su hermano<\/strong>\u201d, narra la sinopsis.<\/p>\n<\/article>\n<article>\u201cCuando cumple 13 a\u00f1os,\u00a0<strong>Anne va a conseguir transformar su vida y el peque\u00f1o pueblo donde vive\u00a0<\/strong>gracias a su fuerte personalidad, intelecto e imaginaci\u00f3n\u201d, cierra la descripci\u00f3n.La cr\u00edtica especializada valor\u00f3 la capacidad de la serie para<strong>\u00a0trasladar toda la magia del libro original hacia el formato audiovisual<\/strong>. \u00abConsigue maravillosamente dar vida a la atm\u00f3sfera de Avonlea y a\u00f1adir profundidad a una historia relativamente simple\u201d, public\u00f3 Variety.<\/p>\n<p><iframe loading=\"lazy\" title=\"Anne | Tr\u00e1iler | Netflix\" src=\"https:\/\/www.youtube.com\/embed\/M4T-_aB8smU\" width=\"790\" height=\"444\" frameborder=\"0\" allowfullscreen=\"allowfullscreen\"><\/iframe><\/p>\n<\/article>\n","protected":false},"excerpt":{"rendered":"<p>&nbsp; Esta serie hizo historia en Netflix y despu\u00e9s de su cancelaci\u00f3n el p\u00fablico pidi\u00f3 a los gritos por su<\/p>\n","protected":false},"author":1,"featured_media":95110,"comment_status":"closed","ping_status":"closed","sticky":false,"template":"","format":"standard","meta":{"kia_subtitle":"","footnotes":"","jetpack_publicize_message":"","jetpack_publicize_feature_enabled":true,"jetpack_social_post_already_shared":true,"jetpack_social_options":{"image_generator_settings":{"template":"highway","default_image_id":0,"font":"","enabled":false},"version":2}},"categories":[2600,68],"tags":[],"class_list":["post-95109","post","type-post","status-publish","format-standard","has-post-thumbnail","hentry","category-espectaculo","category-cine-y-series"],"jetpack_publicize_connections":[],"jetpack_featured_media_url":"https:\/\/laurbedigital.com.ar\/noticias\/wp-content\/uploads\/2023\/08\/20230830-whit-e.jpg","_links":{"self":[{"href":"https:\/\/laurbedigital.com.ar\/noticias\/wp-json\/wp\/v2\/posts\/95109","targetHints":{"allow":["GET"]}}],"collection":[{"href":"https:\/\/laurbedigital.com.ar\/noticias\/wp-json\/wp\/v2\/posts"}],"about":[{"href":"https:\/\/laurbedigital.com.ar\/noticias\/wp-json\/wp\/v2\/types\/post"}],"author":[{"embeddable":true,"href":"https:\/\/laurbedigital.com.ar\/noticias\/wp-json\/wp\/v2\/users\/1"}],"replies":[{"embeddable":true,"href":"https:\/\/laurbedigital.com.ar\/noticias\/wp-json\/wp\/v2\/comments?post=95109"}],"version-history":[{"count":2,"href":"https:\/\/laurbedigital.com.ar\/noticias\/wp-json\/wp\/v2\/posts\/95109\/revisions"}],"predecessor-version":[{"id":95112,"href":"https:\/\/laurbedigital.com.ar\/noticias\/wp-json\/wp\/v2\/posts\/95109\/revisions\/95112"}],"wp:featuredmedia":[{"embeddable":true,"href":"https:\/\/laurbedigital.com.ar\/noticias\/wp-json\/wp\/v2\/media\/95110"}],"wp:attachment":[{"href":"https:\/\/laurbedigital.com.ar\/noticias\/wp-json\/wp\/v2\/media?parent=95109"}],"wp:term":[{"taxonomy":"category","embeddable":true,"href":"https:\/\/laurbedigital.com.ar\/noticias\/wp-json\/wp\/v2\/categories?post=95109"},{"taxonomy":"post_tag","embeddable":true,"href":"https:\/\/laurbedigital.com.ar\/noticias\/wp-json\/wp\/v2\/tags?post=95109"}],"curies":[{"name":"wp","href":"https:\/\/api.w.org\/{rel}","templated":true}]}}