{"id":95037,"date":"2023-08-28T16:49:32","date_gmt":"2023-08-28T19:49:32","guid":{"rendered":"https:\/\/laurbedigital.com.ar\/noticias\/?p=95037"},"modified":"2023-08-28T16:50:02","modified_gmt":"2023-08-28T19:50:02","slug":"cascallares-encabezo-con-industriales-la-mesa-de-acuerdo-y-dialogo-por-la-paz-social-en-alte-brown","status":"publish","type":"post","link":"https:\/\/laurbedigital.com.ar\/noticias\/2023\/08\/28\/cascallares-encabezo-con-industriales-la-mesa-de-acuerdo-y-dialogo-por-la-paz-social-en-alte-brown\/","title":{"rendered":"Cascallares encabez\u00f3 con industriales la mesa de acuerdo y di\u00e1logo por la paz social en Alte Brown"},"content":{"rendered":"<div>\n<p>&nbsp;<\/p>\n<h6><strong>Mariano Cascallares encabez\u00f3 junto a Juan Fabiani un encuentro con dirigentes gremiales y de la Uni\u00f3n Industrial de Almirante Brown, con el objetivo de intercambiar opiniones y generar acuerdos para potenciar el desarrollo y el trabajo.<\/strong><\/h6>\n<p>La Mesa de Acuerdo y Di\u00e1logo se llev\u00f3 adelante en la empresa Genrod, ubicada en Luis Mar\u00eda Drago N\u00b01365, y tuvo como eje fomentar el trabajo articulado entre el Estado, la Iglesia, las empresas y los sindicatos.<\/p>\n<h6>En esa l\u00ednea, Cascallares destac\u00f3 el \u201cgran compromiso y el trabajo articulado del Estado, la Iglesia, las empresas privadas y los gremios para trabajar coordinadamente en fomentar el desarrollo productivo, los puestos de trabajo y contribuir a la mejora social\u201d.<\/h6>\n<h6>Por su parte, uno de los secretarios generales de la CGT Regional de Lomas de Zamora, Sergio Oyhambur\u00fa, sostuvo tras la reuni\u00f3n que \u201cen nombre de la CGT Lomas de Zamora con la Uni\u00f3n Industrial de Almirante Brown firmamos el acuerdo por La Paz Social\u201d.<\/h6>\n<h6>Y agreg\u00f3: \u201cSin grietas trabajaremos juntos por empleo decente y por una Argentina con desarrollo producci\u00f3n y trabajo. Gracias Mariano Cascallares por el compromiso de Almirante Brown\u201d.<\/h6>\n<p><img loading=\"lazy\" decoding=\"async\" class=\"alignnone size-full wp-image-95040\" src=\"https:\/\/laurbedigital.com.ar\/noticias\/wp-content\/uploads\/2023\/08\/industria2.jpg\" alt=\"\" width=\"1600\" height=\"1067\" title=\"\" srcset=\"https:\/\/laurbedigital.com.ar\/noticias\/wp-content\/uploads\/2023\/08\/industria2.jpg 1600w, https:\/\/laurbedigital.com.ar\/noticias\/wp-content\/uploads\/2023\/08\/industria2-300x200.jpg 300w, https:\/\/laurbedigital.com.ar\/noticias\/wp-content\/uploads\/2023\/08\/industria2-1024x683.jpg 1024w, https:\/\/laurbedigital.com.ar\/noticias\/wp-content\/uploads\/2023\/08\/industria2-768x512.jpg 768w, https:\/\/laurbedigital.com.ar\/noticias\/wp-content\/uploads\/2023\/08\/industria2-1536x1024.jpg 1536w\" sizes=\"auto, (max-width: 1600px) 100vw, 1600px\" \/><\/p>\n<p>Por parte de las empresas, estuvieron Hugo Abad, de Miguel Abad; Pedro Mart\u00edn, de Junas; Julio Barbieri, de Barbieri y directivos de la empresa Industrias Guidi, mientras que del Municipio de Almirante Brown el presidente del Concejo Deliberante, Nicol\u00e1s Jawtuschenko, y el secretario de Producci\u00f3n, Empleo y Formaci\u00f3n Profesional, Federico Sassone.<\/p>\n<p>De la jornada participaron adem\u00e1s los delegados regionales del Ministerio de Trabajo bonaerense de Lomas de Zamora, Guido Vaccaro, y de Almirante Brown, Jorge Meletti; como as\u00ed tambi\u00e9n el padre Gustavo Oubi\u00f1as del Obispado de Lomas de Zamora, y el presidente de la Pastoral Social, Sebasti\u00e1n Zalimben.<\/p>\n<p>Finalmente, por parte de los gremios estuvieron el secretario de la UOM de Avellaneda, Daniel Daporta; el presidente de la Comisi\u00f3n Mixta del Sector Industrial Planificado de Almirante Brown, Hern\u00e1n Pereyra; y el presidente de la Uni\u00f3n Industrial de Almirante Brown, Miguel Rodr\u00edguez, entre otras autoridades.<\/p>\n<\/div>\n","protected":false},"excerpt":{"rendered":"<p>&nbsp; Mariano Cascallares encabez\u00f3 junto a Juan Fabiani un encuentro con dirigentes gremiales y de la Uni\u00f3n Industrial de Almirante<\/p>\n","protected":false},"author":1,"featured_media":95038,"comment_status":"closed","ping_status":"closed","sticky":false,"template":"","format":"standard","meta":{"kia_subtitle":"","footnotes":"","jetpack_publicize_message":"Cascallares encabez\u00f3 con industriales la mesa de acuerdo y di\u00e1logo por la paz social En Alte Brown","jetpack_publicize_feature_enabled":true,"jetpack_social_post_already_shared":true,"jetpack_social_options":{"image_generator_settings":{"template":"highway","default_image_id":0,"font":"","enabled":false},"version":2}},"categories":[2,33],"tags":[],"class_list":["post-95037","post","type-post","status-publish","format-standard","has-post-thumbnail","hentry","category-alte-brown","category-alte-brown-alte-brown"],"jetpack_publicize_connections":[],"jetpack_featured_media_url":"https:\/\/laurbedigital.com.ar\/noticias\/wp-content\/uploads\/2023\/08\/20230828-Brown-Cascallares-industria.jpg","_links":{"self":[{"href":"https:\/\/laurbedigital.com.ar\/noticias\/wp-json\/wp\/v2\/posts\/95037","targetHints":{"allow":["GET"]}}],"collection":[{"href":"https:\/\/laurbedigital.com.ar\/noticias\/wp-json\/wp\/v2\/posts"}],"about":[{"href":"https:\/\/laurbedigital.com.ar\/noticias\/wp-json\/wp\/v2\/types\/post"}],"author":[{"embeddable":true,"href":"https:\/\/laurbedigital.com.ar\/noticias\/wp-json\/wp\/v2\/users\/1"}],"replies":[{"embeddable":true,"href":"https:\/\/laurbedigital.com.ar\/noticias\/wp-json\/wp\/v2\/comments?post=95037"}],"version-history":[{"count":3,"href":"https:\/\/laurbedigital.com.ar\/noticias\/wp-json\/wp\/v2\/posts\/95037\/revisions"}],"predecessor-version":[{"id":95043,"href":"https:\/\/laurbedigital.com.ar\/noticias\/wp-json\/wp\/v2\/posts\/95037\/revisions\/95043"}],"wp:featuredmedia":[{"embeddable":true,"href":"https:\/\/laurbedigital.com.ar\/noticias\/wp-json\/wp\/v2\/media\/95038"}],"wp:attachment":[{"href":"https:\/\/laurbedigital.com.ar\/noticias\/wp-json\/wp\/v2\/media?parent=95037"}],"wp:term":[{"taxonomy":"category","embeddable":true,"href":"https:\/\/laurbedigital.com.ar\/noticias\/wp-json\/wp\/v2\/categories?post=95037"},{"taxonomy":"post_tag","embeddable":true,"href":"https:\/\/laurbedigital.com.ar\/noticias\/wp-json\/wp\/v2\/tags?post=95037"}],"curies":[{"name":"wp","href":"https:\/\/api.w.org\/{rel}","templated":true}]}}