{"id":94645,"date":"2023-08-16T15:18:58","date_gmt":"2023-08-16T18:18:58","guid":{"rendered":"https:\/\/laurbedigital.com.ar\/noticias\/?p=94645"},"modified":"2023-08-16T15:18:58","modified_gmt":"2023-08-16T18:18:58","slug":"pueblo-y-gobierno-de-alte-brown-conmemoraron-el-aniversario-de-burzaco-y-del-monumento-a-la-bandera","status":"publish","type":"post","link":"https:\/\/laurbedigital.com.ar\/noticias\/2023\/08\/16\/pueblo-y-gobierno-de-alte-brown-conmemoraron-el-aniversario-de-burzaco-y-del-monumento-a-la-bandera\/","title":{"rendered":"Pueblo y Gobierno de Alte Brown conmemoraron el aniversario de Burzaco y del Monumento a la Bandera"},"content":{"rendered":"<p>&nbsp;<\/p>\n<h6><strong>Con un acto desarrollado en la Plaza General Belgrano de Burzaco, pueblo y gobierno de Almirante Brown conmemoraron el 158\u00b0 Aniversario de esa localidad y los 80 a\u00f1os de la creaci\u00f3n del Primer Monumento Hist\u00f3rico Nacional a la Bandera en pie junto a vecinos, vecinas, instituciones de bien p\u00fablico y ex combatientes.<\/strong><\/h6>\n<p>La emotiva actividad comenz\u00f3 con la entonaci\u00f3n de las estrofas del Himno Nacional Argentino por parte de la Banda Militar \u201cPaso de los Andes\u201d del Regimiento de Infanter\u00eda Mecanizada \u201cCnel. Conde\u201d, a cargo del director y capit\u00e1n de banda F\u00e9lix Ernesto Coria.<\/p>\n<p>Luego, el cura p\u00e1rroco de la Iglesia Inmaculada Concepci\u00f3n, Osvaldo Mouri\u00f1o, realiz\u00f3 una acci\u00f3n de gracias y se hizo la entrega formal de banderas de ceremonia a las Escuelas Primarias N\u00b020 y N\u00b050, a la Sociedad de Fomento \u00abBarrio La Cumbre\u00bb y al Centro de Jubilados \u00ab\u00c9pocas Doradas.\u00bb Tambi\u00e9n se entregaron libros de actas por parte del Consejo Escolar a las cooperadoras de las escuelas de Burzaco, en el marco del 40\u00b0 aniversario de la democracia en el pa\u00eds.<\/p>\n<p>Adem\u00e1s, se descubri\u00f3 una placa conmemorativa y se entreg\u00f3 la declaraci\u00f3n de inter\u00e9s municipal por el 80\u00b0 aniversario del Primer Monumento Nacional a la Bandera en Pie. De dicho momento particip\u00f3 el presidente del Instituto Belgraniano, Hugo Iraizos -uno de los responsables de la ley que permiti\u00f3 dicho reconocimiento- y familiares descendientes de sus creadores, a quienes tambi\u00e9n se les entregaron distinciones.<\/p>\n<p><img loading=\"lazy\" decoding=\"async\" class=\"alignnone size-full wp-image-94647\" src=\"https:\/\/laurbedigital.com.ar\/noticias\/wp-content\/uploads\/2023\/08\/aco3.jpg\" alt=\"\" width=\"1600\" height=\"1067\" title=\"\" srcset=\"https:\/\/laurbedigital.com.ar\/noticias\/wp-content\/uploads\/2023\/08\/aco3.jpg 1600w, https:\/\/laurbedigital.com.ar\/noticias\/wp-content\/uploads\/2023\/08\/aco3-300x200.jpg 300w, https:\/\/laurbedigital.com.ar\/noticias\/wp-content\/uploads\/2023\/08\/aco3-1024x683.jpg 1024w, https:\/\/laurbedigital.com.ar\/noticias\/wp-content\/uploads\/2023\/08\/aco3-768x512.jpg 768w, https:\/\/laurbedigital.com.ar\/noticias\/wp-content\/uploads\/2023\/08\/aco3-1536x1024.jpg 1536w\" sizes=\"auto, (max-width: 1600px) 100vw, 1600px\" \/><\/p>\n<p>La emotiva jornada cont\u00f3 tambi\u00e9n con reconocimientos a la \u00abCarnicer\u00eda Manzo\u00bb por sus 60 a\u00f1os, y tambi\u00e9n a la Escuela Primaria N\u00b03, que cumple 150.<\/p>\n<h6>\u201cEstamos muy felices de conmemorar el 158 aniversario de la querida localidad de Burzaco, tan pujante e hist\u00f3rica, y adem\u00e1s los 80 a\u00f1os del Primer Monumento Hist\u00f3rico Nacional a la Bandera en Pie, declarado de esa manera en 2019 por el Congreso de la Naci\u00f3n\u201d, remarc\u00f3 Juan Fabiani.<\/h6>\n<h6>En esa l\u00ednea, subray\u00f3 el compromiso de \u201cseguir trabajando con obras para seguir transformando esta querida ciudad, como el campus de la Universidad, el Viaducto de Ruta 4, nuevos pavimentos, obras hidr\u00e1ulicas hist\u00f3ricas y luminarias LED, entre muchos avances m\u00e1s para tener el Almirante Brown que nos merecemos\u201d.<\/h6>\n<p>Dijeron presente en la jornada la delegada de Burzaco, Andrea Capasso; el presidente del Concejo Deliberante, Nicol\u00e1s Jawtuschenko, y la presidenta del Consejo Escolar, Mar\u00eda Marta Silva, entre otras autoridades.<\/p>\n<p><img loading=\"lazy\" decoding=\"async\" class=\"alignnone size-full wp-image-94646\" src=\"https:\/\/laurbedigital.com.ar\/noticias\/wp-content\/uploads\/2023\/08\/aco2.jpg\" alt=\"\" width=\"1600\" height=\"1067\" title=\"\" srcset=\"https:\/\/laurbedigital.com.ar\/noticias\/wp-content\/uploads\/2023\/08\/aco2.jpg 1600w, https:\/\/laurbedigital.com.ar\/noticias\/wp-content\/uploads\/2023\/08\/aco2-300x200.jpg 300w, https:\/\/laurbedigital.com.ar\/noticias\/wp-content\/uploads\/2023\/08\/aco2-1024x683.jpg 1024w, https:\/\/laurbedigital.com.ar\/noticias\/wp-content\/uploads\/2023\/08\/aco2-768x512.jpg 768w, https:\/\/laurbedigital.com.ar\/noticias\/wp-content\/uploads\/2023\/08\/aco2-1536x1024.jpg 1536w\" sizes=\"auto, (max-width: 1600px) 100vw, 1600px\" \/><\/p>\n<h4><b>Primer Monumento Hist\u00f3rico Nacional a la Bandera en Pie<\/b><\/h4>\n<p>Este importante monumento fue declarado por el Congreso de la Naci\u00f3n en 2019 como Primer Monumento Hist\u00f3rico Nacional a la Bandera en Pie, a trav\u00e9s de la Ley 27.516, en el marco de un proyecto impulsado por el Gobierno de Almirante Brown, junto con el Instituto Belgraniano local.<\/p>\n<p>Si bien anteriormente hubo dos monumentos, uno en la Ciudad de Rosario y otro en Salta, ambos desaparecieron por distintas razones. Asimismo el Monumento de Rosario que todos conocemos fue inaugurado en 1957, mientras que el ubicado en la localidad de Burzaco, fue inaugurado en 1943.<\/p>\n<p>Fue creado por iniciativa popular, en su mayor\u00eda de inmigrantes, quienes en 1937 formaron una comisi\u00f3n para recolectar el dinero y llevar adelante la creaci\u00f3n del monumento, que finalmente fue construido por Claudio Le\u00f3n Sempere y Francisco Blumetti.<\/p>\n<h4><b>Detalles<\/b><\/h4>\n<p>El Monumento mide 23 metros de alto, desde la base hasta la punta del m\u00e1stil, mientras que la bandera nacional que\u00a0 flamea mide 10 metros.<\/p>\n<p>Los c\u00f3ndores de bronce que custodian la ense\u00f1a patria miden 1,80 metros de alto y fueron realizados por Sempere y fundidos con los ca\u00f1ones de las naves del Almirante Brown, del H\u00e9rcules y el ARA 25 de Mayo en la Base Naval R\u00edo Santiago.<\/p>\n<p>El monumento posee placas conmemorativas de m\u00e1rmol y bronce que fueron colocadas en distintas oportunidades. Entre ellas se encuentra la de los fundadores del pueblo: Francisco y Eugenio Burzaco en ocasi\u00f3n del centenario de la ciudad.<\/p>\n<p>La base del monumento es estilo templo y est\u00e1 revestida de m\u00e1rmol travertino de Mendoza. Mide 5 metros de lado y 8 metros de alto. Mientras que el interior contiene un templete con objetos en memoria del general Manuel Belgrano.<\/p>\n<p>&nbsp;<\/p>\n","protected":false},"excerpt":{"rendered":"<p>&nbsp; Con un acto desarrollado en la Plaza General Belgrano de Burzaco, pueblo y gobierno de Almirante Brown conmemoraron el<\/p>\n","protected":false},"author":1,"featured_media":94649,"comment_status":"closed","ping_status":"closed","sticky":false,"template":"","format":"standard","meta":{"kia_subtitle":"","footnotes":"","jetpack_publicize_message":"Pueblo y Gobierno de Alte Brown conmemoraron el aniversario de Burzaco y del Monumento a la Bandera","jetpack_publicize_feature_enabled":true,"jetpack_social_post_already_shared":true,"jetpack_social_options":{"image_generator_settings":{"template":"highway","default_image_id":0,"font":"","enabled":false},"version":2}},"categories":[2,33,43],"tags":[],"class_list":["post-94645","post","type-post","status-publish","format-standard","has-post-thumbnail","hentry","category-alte-brown","category-alte-brown-alte-brown","category-burzaco"],"jetpack_publicize_connections":[],"jetpack_featured_media_url":"https:\/\/laurbedigital.com.ar\/noticias\/wp-content\/uploads\/2023\/08\/20230816-Brown-Acto-Burzaco-Bandera.jpg","_links":{"self":[{"href":"https:\/\/laurbedigital.com.ar\/noticias\/wp-json\/wp\/v2\/posts\/94645","targetHints":{"allow":["GET"]}}],"collection":[{"href":"https:\/\/laurbedigital.com.ar\/noticias\/wp-json\/wp\/v2\/posts"}],"about":[{"href":"https:\/\/laurbedigital.com.ar\/noticias\/wp-json\/wp\/v2\/types\/post"}],"author":[{"embeddable":true,"href":"https:\/\/laurbedigital.com.ar\/noticias\/wp-json\/wp\/v2\/users\/1"}],"replies":[{"embeddable":true,"href":"https:\/\/laurbedigital.com.ar\/noticias\/wp-json\/wp\/v2\/comments?post=94645"}],"version-history":[{"count":3,"href":"https:\/\/laurbedigital.com.ar\/noticias\/wp-json\/wp\/v2\/posts\/94645\/revisions"}],"predecessor-version":[{"id":94652,"href":"https:\/\/laurbedigital.com.ar\/noticias\/wp-json\/wp\/v2\/posts\/94645\/revisions\/94652"}],"wp:featuredmedia":[{"embeddable":true,"href":"https:\/\/laurbedigital.com.ar\/noticias\/wp-json\/wp\/v2\/media\/94649"}],"wp:attachment":[{"href":"https:\/\/laurbedigital.com.ar\/noticias\/wp-json\/wp\/v2\/media?parent=94645"}],"wp:term":[{"taxonomy":"category","embeddable":true,"href":"https:\/\/laurbedigital.com.ar\/noticias\/wp-json\/wp\/v2\/categories?post=94645"},{"taxonomy":"post_tag","embeddable":true,"href":"https:\/\/laurbedigital.com.ar\/noticias\/wp-json\/wp\/v2\/tags?post=94645"}],"curies":[{"name":"wp","href":"https:\/\/api.w.org\/{rel}","templated":true}]}}