{"id":94605,"date":"2023-08-15T22:11:31","date_gmt":"2023-08-16T01:11:31","guid":{"rendered":"https:\/\/laurbedigital.com.ar\/noticias\/?p=94605"},"modified":"2023-08-15T22:11:31","modified_gmt":"2023-08-16T01:11:31","slug":"longchamps-como-quedo-la-circulacion-en-la-zona-del-paso-bajo-nivel-de-diehl","status":"publish","type":"post","link":"https:\/\/laurbedigital.com.ar\/noticias\/2023\/08\/15\/longchamps-como-quedo-la-circulacion-en-la-zona-del-paso-bajo-nivel-de-diehl\/","title":{"rendered":"Longchamps: como qued\u00f3 la circulaci\u00f3n en la zona del Paso Bajo Nivel de Diehl"},"content":{"rendered":"<div>\n<p>&nbsp;<\/p>\n<h6><strong>El Municipio de Almirante Brown realiz\u00f3 importantes trabajos de pavimentaci\u00f3n para potenciar la circulaci\u00f3n y accesibilidad en calles de la localidad de Longchamps, en el marco de las obras anexas al Paso Bajo Nivel de Diehl.<\/strong><\/h6>\n<p><strong>Mientras tanto, se dispuso el reordenamiento del tr\u00e1nsito vehicular por las obras en marcha en esa zona. Las alternativas habilitadas al cierre de la calle Dihel en el cruce de las v\u00edas del ferrocarril son:<\/strong><\/p>\n<p>&#8211; Est\u00e1 habilitado el paso a nivel de calle Francia.<\/p>\n<p>&#8211; Desv\u00edo por Chiesa y posteriormente la avenida Longchamps (para ir de este a oeste) pod\u00e9s ir hasta el Paso Bajo Nivel de Glew circulando paralelo a las v\u00edas.<\/p>\n<p>&#8211; Tambi\u00e9n se puede ir hasta el Paso Bajo Nivel de Glew (de oeste a este) por la calle Chaco tomando luego Batalla de Maip\u00fa.<\/p>\n<p>Adem\u00e1s se cambi\u00f3 el sentido de circulaci\u00f3n de Diehl en la primera cuadra aleda\u00f1a a las v\u00edas, lado este. Y por la calle Francia, a la altura de Aviaci\u00f3n, se prohibi\u00f3 girar a la izquierda.<\/p>\n<p>A partir de la planificaci\u00f3n previa para esta etapa clave de la obra del bajo nivel en la calle Diehl, el Municipio browniano anunci\u00f3 que previamente paviment\u00f3 varias cuadras anexas, entre ellas Malvinas argentinas, para agilizar el tr\u00e1nsito y el cruce de ese paso, y tambi\u00e9n Batalla de Maip\u00fa, todo en la zona oeste.<\/p>\n<p><img loading=\"lazy\" decoding=\"async\" class=\"alignnone size-full wp-image-94607\" src=\"https:\/\/laurbedigital.com.ar\/noticias\/wp-content\/uploads\/2023\/08\/Long01.jpg\" alt=\"\" width=\"1024\" height=\"768\" title=\"\" srcset=\"https:\/\/laurbedigital.com.ar\/noticias\/wp-content\/uploads\/2023\/08\/Long01.jpg 1024w, https:\/\/laurbedigital.com.ar\/noticias\/wp-content\/uploads\/2023\/08\/Long01-300x225.jpg 300w, https:\/\/laurbedigital.com.ar\/noticias\/wp-content\/uploads\/2023\/08\/Long01-768x576.jpg 768w\" sizes=\"auto, (max-width: 1024px) 100vw, 1024px\" \/><\/p>\n<p>Y del otro lado, en la zona este, se hizo lo propio con la calle Aviaci\u00f3n para ayudar a orientar el tr\u00e1nsito a hacia bajo nivel de Glew como principal v\u00eda de traslado.<\/p>\n<p>Finalmente, en este marco, tambi\u00e9n se procedi\u00f3 al reordenamiento temporal del recorrido de las l\u00edneas de colectivos 79 y 506, de modo tal que los avances en el paso bajo nivel no interfieran con el recorrido habitual del servicio de transporte.<\/p>\n<p>En el caso de la l\u00ednea 79 el traslado ser\u00e1 por Yrigoyen, Bol\u00edvar, Yrigoyen vieja (Arias), Boulogne Sur Mer, Ovidio Lagos, Francia, Chiesa, Motti de Tieghi, San Mart\u00edn, Chiesa y su ruta\u00a0hacia\u00a0el\u00a0norte. Mientras que el 506 es lo mismo y cuando llega a Motti de Tieghi sigue su\u00a0ruta\u00a0habitual.<\/p>\n<h6>\u00abCon trabajo, planificaci\u00f3n y muchas obras, seguimos construyendo el Almirante Brown que nos merecemos, siempre con el objetivo de que nuestros vecinos y vecinas vivan mejor\u00bb, remarc\u00f3 Mariano Cascallares.<\/h6>\n<\/div>\n<p>&nbsp;<\/p>\n<p>&nbsp;<\/p>\n","protected":false},"excerpt":{"rendered":"<p>&nbsp; El Municipio de Almirante Brown realiz\u00f3 importantes trabajos de pavimentaci\u00f3n para potenciar la circulaci\u00f3n y accesibilidad en calles de<\/p>\n","protected":false},"author":1,"featured_media":94606,"comment_status":"closed","ping_status":"closed","sticky":false,"template":"","format":"standard","meta":{"kia_subtitle":"","footnotes":"","jetpack_publicize_message":"","jetpack_publicize_feature_enabled":true,"jetpack_social_post_already_shared":true,"jetpack_social_options":{"image_generator_settings":{"template":"highway","default_image_id":0,"font":"","enabled":false},"version":2}},"categories":[2,33,53],"tags":[],"class_list":["post-94605","post","type-post","status-publish","format-standard","has-post-thumbnail","hentry","category-alte-brown","category-alte-brown-alte-brown","category-longchamps"],"jetpack_publicize_connections":[],"jetpack_featured_media_url":"https:\/\/laurbedigital.com.ar\/noticias\/wp-content\/uploads\/2023\/08\/20230815-Brown-Longchamps-Diehl.jpg","_links":{"self":[{"href":"https:\/\/laurbedigital.com.ar\/noticias\/wp-json\/wp\/v2\/posts\/94605","targetHints":{"allow":["GET"]}}],"collection":[{"href":"https:\/\/laurbedigital.com.ar\/noticias\/wp-json\/wp\/v2\/posts"}],"about":[{"href":"https:\/\/laurbedigital.com.ar\/noticias\/wp-json\/wp\/v2\/types\/post"}],"author":[{"embeddable":true,"href":"https:\/\/laurbedigital.com.ar\/noticias\/wp-json\/wp\/v2\/users\/1"}],"replies":[{"embeddable":true,"href":"https:\/\/laurbedigital.com.ar\/noticias\/wp-json\/wp\/v2\/comments?post=94605"}],"version-history":[{"count":2,"href":"https:\/\/laurbedigital.com.ar\/noticias\/wp-json\/wp\/v2\/posts\/94605\/revisions"}],"predecessor-version":[{"id":94611,"href":"https:\/\/laurbedigital.com.ar\/noticias\/wp-json\/wp\/v2\/posts\/94605\/revisions\/94611"}],"wp:featuredmedia":[{"embeddable":true,"href":"https:\/\/laurbedigital.com.ar\/noticias\/wp-json\/wp\/v2\/media\/94606"}],"wp:attachment":[{"href":"https:\/\/laurbedigital.com.ar\/noticias\/wp-json\/wp\/v2\/media?parent=94605"}],"wp:term":[{"taxonomy":"category","embeddable":true,"href":"https:\/\/laurbedigital.com.ar\/noticias\/wp-json\/wp\/v2\/categories?post=94605"},{"taxonomy":"post_tag","embeddable":true,"href":"https:\/\/laurbedigital.com.ar\/noticias\/wp-json\/wp\/v2\/tags?post=94605"}],"curies":[{"name":"wp","href":"https:\/\/api.w.org\/{rel}","templated":true}]}}