{"id":946,"date":"2016-02-05T18:41:02","date_gmt":"2016-02-05T21:41:02","guid":{"rendered":"http:\/\/laurbedigital.com.ar\/noticias\/?p=946"},"modified":"2016-02-05T18:41:02","modified_gmt":"2016-02-05T21:41:02","slug":"camioneros-protesto-y-amenazo-con-un-paro-de-camiones-de-caudales","status":"publish","type":"post","link":"https:\/\/laurbedigital.com.ar\/noticias\/2016\/02\/05\/camioneros-protesto-y-amenazo-con-un-paro-de-camiones-de-caudales\/","title":{"rendered":"Camioneros protest\u00f3 y amenaz\u00f3 con un paro de camiones de caudales"},"content":{"rendered":"<p>La decisi\u00f3n del Central de suprmir el env\u00edo de res\u00famenes a los clientes los bancos pone en riesgo unos 4.000 puestos de trabajo. El titular de Camioneros, Pablo Moyano, llam\u00f3 a un paro la semana pr\u00f3xima si el Central no da marcha atr\u00e1s con la resoluci\u00f3n.<\/p>\n<p>El titular del Sindicato de Camioneros, Pablo Moyano, amenaz\u00f3 con \u00abun paro de camiones de caudales y de Correos para la semana que viene\u00bb, si el Banco Central no \u00absuspende la resoluci\u00f3n por la cual se autoriza a los bancos a no enviar a sus clientes los resumenes de tarjetas y operaciones en papel\u00bb, tras advertir que 4.000 trabajadores podr\u00eda perder el puesto si no se reconsidera la medida.<\/p>\n<p>Al t\u00e9rmino de una reuni\u00f3n con las autoridades del BCRA -que encabeza Federico Sturzenegger- que se extendi\u00f3 s\u00f3lo 10 minutos, Moyano precis\u00f3 que \u00abel mi\u00e9rcoles pr\u00f3ximo haremos un plenario de delegados y si no aparece una soluci\u00f3n iremos a un paro\u00bb.<\/p>\n<p>\u00abNos dijeron que no van a retroceder con la resoluci\u00f3n, por lo tanto esperamos en los pr\u00f3ximos d\u00edas una lluvia de despidos\u00bb, sostuvo Moyano y agreg\u00f3 que \u00abtomaron esta medida con el supuesto verso de cuidar la ecolog\u00eda y para no imprimir por la tinta, pero entonces que no haya m\u00e1s diarios, revistas o libros\u00bb, advirti\u00f3.<\/p>\n<p>Consultado si ya se registraron despidos, Moyano lo neg\u00f3, aunque admiti\u00f3 que \u00abya se produjeron suspensiones y recortes de horas extras\u00bb.<\/p>\n","protected":false},"excerpt":{"rendered":"<p>La decisi\u00f3n del Central de suprmir el env\u00edo de res\u00famenes a los clientes los bancos pone en riesgo unos 4.000<\/p>\n","protected":false},"author":1,"featured_media":947,"comment_status":"closed","ping_status":"closed","sticky":false,"template":"","format":"standard","meta":{"kia_subtitle":"","footnotes":"","jetpack_publicize_message":"","jetpack_publicize_feature_enabled":true,"jetpack_social_post_already_shared":false,"jetpack_social_options":{"image_generator_settings":{"template":"highway","default_image_id":0,"font":"","enabled":false},"version":2}},"categories":[3,39,41],"tags":[],"class_list":["post-946","post","type-post","status-publish","format-standard","has-post-thumbnail","hentry","category-actualidad","category-gremios","category-nacionales"],"jetpack_publicize_connections":[],"jetpack_featured_media_url":"https:\/\/laurbedigital.com.ar\/noticias\/wp-content\/uploads\/2016\/02\/20160205-gremio.jpg","_links":{"self":[{"href":"https:\/\/laurbedigital.com.ar\/noticias\/wp-json\/wp\/v2\/posts\/946","targetHints":{"allow":["GET"]}}],"collection":[{"href":"https:\/\/laurbedigital.com.ar\/noticias\/wp-json\/wp\/v2\/posts"}],"about":[{"href":"https:\/\/laurbedigital.com.ar\/noticias\/wp-json\/wp\/v2\/types\/post"}],"author":[{"embeddable":true,"href":"https:\/\/laurbedigital.com.ar\/noticias\/wp-json\/wp\/v2\/users\/1"}],"replies":[{"embeddable":true,"href":"https:\/\/laurbedigital.com.ar\/noticias\/wp-json\/wp\/v2\/comments?post=946"}],"version-history":[{"count":1,"href":"https:\/\/laurbedigital.com.ar\/noticias\/wp-json\/wp\/v2\/posts\/946\/revisions"}],"predecessor-version":[{"id":948,"href":"https:\/\/laurbedigital.com.ar\/noticias\/wp-json\/wp\/v2\/posts\/946\/revisions\/948"}],"wp:featuredmedia":[{"embeddable":true,"href":"https:\/\/laurbedigital.com.ar\/noticias\/wp-json\/wp\/v2\/media\/947"}],"wp:attachment":[{"href":"https:\/\/laurbedigital.com.ar\/noticias\/wp-json\/wp\/v2\/media?parent=946"}],"wp:term":[{"taxonomy":"category","embeddable":true,"href":"https:\/\/laurbedigital.com.ar\/noticias\/wp-json\/wp\/v2\/categories?post=946"},{"taxonomy":"post_tag","embeddable":true,"href":"https:\/\/laurbedigital.com.ar\/noticias\/wp-json\/wp\/v2\/tags?post=946"}],"curies":[{"name":"wp","href":"https:\/\/api.w.org\/{rel}","templated":true}]}}