{"id":94566,"date":"2023-08-14T12:42:48","date_gmt":"2023-08-14T15:42:48","guid":{"rendered":"https:\/\/laurbedigital.com.ar\/noticias\/?p=94566"},"modified":"2023-08-14T12:42:48","modified_gmt":"2023-08-14T15:42:48","slug":"reordenan-el-transito-para-avanzar-con-la-obra-del-paso-bajo-nivel-de-longchamps","status":"publish","type":"post","link":"https:\/\/laurbedigital.com.ar\/noticias\/2023\/08\/14\/reordenan-el-transito-para-avanzar-con-la-obra-del-paso-bajo-nivel-de-longchamps\/","title":{"rendered":"Reordenan el tr\u00e1nsito para avanzar con la obra del Paso Bajo Nivel de Longchamps"},"content":{"rendered":"<h6><\/h6>\n<h6>El Municipio de Almirante Brown inform\u00f3 que en el marco de los avances de la obra de construcci\u00f3n del Paso Bajo Nivel sobre la calle Diehl de Longchamps, desde este lunes 14 de agosto se estar\u00e1 reordenando el tr\u00e1nsito vehicular y peatonal en la zona.<\/h6>\n<div><span lang=\"ES-MX\">Puntualmente en esta etapa se concretar\u00e1 la excavaci\u00f3n previa a la construcci\u00f3n del t\u00fanel que permitir\u00e1 la circulaci\u00f3n de los veh\u00edculos por debajo de las v\u00edas del ferrocarril agiliz\u00e1ndose el tr\u00e1nsito en ese sector de nuestro distrito.<\/p>\n<p><img loading=\"lazy\" decoding=\"async\" class=\"alignnone size-full wp-image-94427\" src=\"https:\/\/laurbedigital.com.ar\/noticias\/wp-content\/uploads\/2023\/08\/Diehl2.jpg\" alt=\"\" width=\"1600\" height=\"1067\" title=\"\" srcset=\"https:\/\/laurbedigital.com.ar\/noticias\/wp-content\/uploads\/2023\/08\/Diehl2.jpg 1600w, https:\/\/laurbedigital.com.ar\/noticias\/wp-content\/uploads\/2023\/08\/Diehl2-300x200.jpg 300w, https:\/\/laurbedigital.com.ar\/noticias\/wp-content\/uploads\/2023\/08\/Diehl2-1024x683.jpg 1024w, https:\/\/laurbedigital.com.ar\/noticias\/wp-content\/uploads\/2023\/08\/Diehl2-768x512.jpg 768w, https:\/\/laurbedigital.com.ar\/noticias\/wp-content\/uploads\/2023\/08\/Diehl2-1536x1024.jpg 1536w\" sizes=\"auto, (max-width: 1600px) 100vw, 1600px\" \/><\/p>\n<p><\/span><span lang=\"ES-MX\">Para ello desde hoy se limitar\u00e1 la circulaci\u00f3n sobre la mencionada calle Diehl. En su reemplazo quedar\u00e1 habilitado el paso de la calle Francia y el paso peatonal que se encuentra en la Estaci\u00f3n de Trenes de Longchamps.<\/p>\n<p><\/span><span lang=\"ES-MX\">Mientras tanto, la calle Chiesa estar\u00e1 disponible para la conectividad del lado este, al tiempo que la arteria Arias permanecer\u00e1 abierta del lado oeste.<\/p>\n<p><img loading=\"lazy\" decoding=\"async\" class=\"alignnone size-full wp-image-94568\" src=\"https:\/\/laurbedigital.com.ar\/noticias\/wp-content\/uploads\/2023\/08\/20230809-Brown-Cascallares-1.jpg\" alt=\"\" width=\"768\" height=\"428\" title=\"\" srcset=\"https:\/\/laurbedigital.com.ar\/noticias\/wp-content\/uploads\/2023\/08\/20230809-Brown-Cascallares-1.jpg 768w, https:\/\/laurbedigital.com.ar\/noticias\/wp-content\/uploads\/2023\/08\/20230809-Brown-Cascallares-1-300x167.jpg 300w\" sizes=\"auto, (max-width: 768px) 100vw, 768px\" \/><\/p>\n<p><\/span><span lang=\"ES-MX\">Desde el Ministerio de Obras P\u00fablicas de la Naci\u00f3n y la Comuna browniana indicaron que esta esta etapa de la obra del Paso Bajo Nivel es clave y su concreci\u00f3n permitir\u00e1 encarar el \u00faltimo tramo del proyecto.<\/span><\/div>\n<h6><span lang=\"ES-MX\">En ese sentido, Mariano Cascallares expres\u00f3 que \u201cavanzamos con los tres Pasos Bajo Nivel de Longchamps, Calzada y San Mart\u00edn al tiempo que tambi\u00e9n suma metros e importantes avances el Viaducto de Ruta 4 y la Rotonda Los Pinos. Son obras hist\u00f3ricas que mejoras la accesibilidad y la transitabilidad en Almirante Brown\u201d, indic\u00f3.<\/span><\/h6>\n<div><\/div>\n","protected":false},"excerpt":{"rendered":"<p>El Municipio de Almirante Brown inform\u00f3 que en el marco de los avances de la obra de construcci\u00f3n del Paso<\/p>\n","protected":false},"author":1,"featured_media":94567,"comment_status":"closed","ping_status":"closed","sticky":false,"template":"","format":"standard","meta":{"kia_subtitle":"","footnotes":"","jetpack_publicize_message":"Reordenan el tr\u00e1nsito para avanzar con la obra del Paso Bajo Nivel de Longchamps","jetpack_publicize_feature_enabled":true,"jetpack_social_post_already_shared":true,"jetpack_social_options":{"image_generator_settings":{"template":"highway","default_image_id":0,"font":"","enabled":false},"version":2}},"categories":[2,33,53],"tags":[],"class_list":["post-94566","post","type-post","status-publish","format-standard","has-post-thumbnail","hentry","category-alte-brown","category-alte-brown-alte-brown","category-longchamps"],"jetpack_publicize_connections":[],"jetpack_featured_media_url":"https:\/\/laurbedigital.com.ar\/noticias\/wp-content\/uploads\/2023\/08\/20230814-Brown-Paso-Longchamps.jpg","_links":{"self":[{"href":"https:\/\/laurbedigital.com.ar\/noticias\/wp-json\/wp\/v2\/posts\/94566","targetHints":{"allow":["GET"]}}],"collection":[{"href":"https:\/\/laurbedigital.com.ar\/noticias\/wp-json\/wp\/v2\/posts"}],"about":[{"href":"https:\/\/laurbedigital.com.ar\/noticias\/wp-json\/wp\/v2\/types\/post"}],"author":[{"embeddable":true,"href":"https:\/\/laurbedigital.com.ar\/noticias\/wp-json\/wp\/v2\/users\/1"}],"replies":[{"embeddable":true,"href":"https:\/\/laurbedigital.com.ar\/noticias\/wp-json\/wp\/v2\/comments?post=94566"}],"version-history":[{"count":3,"href":"https:\/\/laurbedigital.com.ar\/noticias\/wp-json\/wp\/v2\/posts\/94566\/revisions"}],"predecessor-version":[{"id":94571,"href":"https:\/\/laurbedigital.com.ar\/noticias\/wp-json\/wp\/v2\/posts\/94566\/revisions\/94571"}],"wp:featuredmedia":[{"embeddable":true,"href":"https:\/\/laurbedigital.com.ar\/noticias\/wp-json\/wp\/v2\/media\/94567"}],"wp:attachment":[{"href":"https:\/\/laurbedigital.com.ar\/noticias\/wp-json\/wp\/v2\/media?parent=94566"}],"wp:term":[{"taxonomy":"category","embeddable":true,"href":"https:\/\/laurbedigital.com.ar\/noticias\/wp-json\/wp\/v2\/categories?post=94566"},{"taxonomy":"post_tag","embeddable":true,"href":"https:\/\/laurbedigital.com.ar\/noticias\/wp-json\/wp\/v2\/tags?post=94566"}],"curies":[{"name":"wp","href":"https:\/\/api.w.org\/{rel}","templated":true}]}}