{"id":94557,"date":"2023-08-14T04:42:09","date_gmt":"2023-08-14T07:42:09","guid":{"rendered":"https:\/\/laurbedigital.com.ar\/noticias\/?p=94557"},"modified":"2023-08-13T22:44:32","modified_gmt":"2023-08-14T01:44:32","slug":"argentina-reconocida-por-fomentar-el-uso-conveniente-de-la-inteligencia-artificial","status":"publish","type":"post","link":"https:\/\/laurbedigital.com.ar\/noticias\/2023\/08\/14\/argentina-reconocida-por-fomentar-el-uso-conveniente-de-la-inteligencia-artificial\/","title":{"rendered":"Argentina reconocida por fomentar el uso conveniente de la inteligencia artificial"},"content":{"rendered":"<p>&nbsp;<\/p>\n<h6><strong>Lo arroj\u00f3 el \u00edndice que analiza las capacidades de los pa\u00edses de Am\u00e9rica Latina para adoptar y utilizar inteligencia artificial. El informe se present\u00f3 en la sede de CEPAL, en Santiago de Chile y reconoce a Argentina como el mejor pa\u00eds en adoptar pol\u00edticas p\u00fablicas conscientes.<\/strong><\/h6>\n<p>Argentina es reconocida como el pa\u00eds con mejores pol\u00edticas p\u00fablicas para fomentar el uso conveniente de la Inteligencia Artificial en el contexto de Am\u00e9rica Latina.\u00a0El resultado indica que la Argentina forma parte de los pa\u00edses que lideran la regi\u00f3n en capacidades en inteligencia artificial en conjunto con Chile, Brasil y Uruguay. Son los pa\u00edses m\u00e1s destacados por el \u00edndice en su evaluaci\u00f3n general.<\/p>\n<p>Argentina ocupa la principal posici\u00f3n en variables vinculadas al fomento p\u00fablico de la IA, la gobernanza del proceso y la conformaci\u00f3n de una nueva institucionalidad frente a los cambios que impone la irrupci\u00f3n de esta nueva revoluci\u00f3n tecnol\u00f3gica.<\/p>\n<p><strong>Los datos surgen de acuerdo al an\u00e1lisis cuantitativo liderado por el Centro de Estudios Nacional de Inteligencia Artificial. Se trata de una iniciativa del gobierno de Chile que cont\u00f3 con informaci\u00f3n suministrada por distintos organismos internacionales como la OCDE, la CEPAL, UNESCO as\u00ed como fuentes p\u00fablicas y privadas de cada uno de los pa\u00edses de la regi\u00f3n.<\/strong><\/p>\n<p>Asimismo, la lectura de la ficha espec\u00edfica sobre Argentina muestra que el pa\u00eds se ubica en el primer puesto en la categor\u00eda de fomento p\u00fablico a la inteligencia artificial.\u00a0<strong>Es el reconocimiento a las pol\u00edticas p\u00fablicas que se est\u00e1n aplicando en el pa\u00eds para orientar la adopci\u00f3n de la inteligencia artificial y para producir aportes significativos desde su sector p\u00fablico y privado.<\/strong><\/p>\n<p>Actualmente, las pol\u00edticas p\u00fablicas de la Argentina tienen entre sus elementos m\u00e1s destacados al nuevo Programa de Promoci\u00f3n de Inteligencia Artificial y Ciencia de Datos, impulsado por el Ministerio de Ciencia, Tecnolog\u00eda e Innovaci\u00f3n, el Ministerio de Econom\u00eda y la Agencia Nacional de Promoci\u00f3n de la Investigaci\u00f3n, el Desarrollo Tecnol\u00f3gico y la Innovaci\u00f3n (Agencia I+D+i). El programa cuenta con el apoyo del Banco Interamericano de Desarrollo (BID).<\/p>\n<p>Se propone invertir 35 millones de d\u00f3lares para apuntalar a los equipos de investigaci\u00f3n a partir de proyectos de trabajo en red, a los desarrollos de aplicaciones con perspectivas de impacto en el comercio internacional y la sustituci\u00f3n de importaciones por medio de nuevos consorcios p\u00fablicos privados, el sostenimiento de las capacidades universitarias a partir de subvenciones y aportes econ\u00f3micos para desarrollar extensi\u00f3n, comprar equipamiento y formar nuevos docentes en el \u00e1mbito de las c\u00e1tedras de inform\u00e1tica, una iniciativa piloto que tambi\u00e9n procura retener a los profesores de inform\u00e1tica.<\/p>\n<p>Un importante antecedente se encuentra en el R\u00e9gimen de Promoci\u00f3n de la Industria del Software, un escenario que durante m\u00e1s de dos d\u00e9cadas estimul\u00f3 la formaci\u00f3n de un nuevo sector industrial confirmado por peque\u00f1as y medianas empresas con perfil exportador.<\/p>\n<p>El mismo escenario que ayud\u00f3 tambi\u00e9n a la conformaci\u00f3n de los destacados unicornios tecnol\u00f3gicos argentinos, empresas que han logrado un valor accionario por encima de los 1000 millones de d\u00f3lares y que lideran las plataformas de comercio electr\u00f3nico, y servicios empresariales en Europa y Am\u00e9rica.<\/p>\n<p><strong>Un protagonismo de la innovaci\u00f3n argentina que no se detiene: en los \u00faltimos d\u00edas\u00a0<em>Google Award for Inclusion Research<\/em>\u00a0reconoci\u00f3 un nuevo desarrollo argentino para la detecci\u00f3n de una startup surgida de la Universidad Nacional del Litoral con apoyo de la Agencia I+D+I, que busca detectar sesgos en los algoritmos aplicados al an\u00e1lisis de im\u00e1genes m\u00e9dicas.<\/strong><\/p>\n<p>Respecto al programa el Ministro de Ciencia, Daniel Filmus, destac\u00f3: \u201cUno de los desaf\u00edos es lograr una mayor confluencia entre la ciencia b\u00e1sica y la ciencia aplicada de modo de poder profundizar la vinculaci\u00f3n entre la generaci\u00f3n de conocimiento y su transferencia y aplicaci\u00f3n, para alcanzar un mayor impacto de la investigaci\u00f3n en la resoluci\u00f3n de los problemas concretos de nuestra sociedad\u201d.<\/p>\n<p>En tanto, el Presidente de la Agencia I+D+i, Fernando Peirano, se\u00f1al\u00f3: \u201cla Econom\u00eda del Conocimiento es un sector que genera hoy 1000 puestos de trabajo formales por mes en todo el pa\u00eds y es la tercera fuente de divisas que tiene hoy Argentina, a\u00fan tiene que seguir creciendo gracias a un mayor protagonismo de nuestra Universidad y de nuestro sistema cient\u00edfico-tecnol\u00f3gico y hacia ah\u00ed avanzamos\u201d<\/p>\n<p><strong>El nuevo programa de fomento de la Inteligencia Artificial que aplican la Secretar\u00eda de Econom\u00eda del Conocimiento del Ministerio de Econom\u00eda y la Agencia I+D+I junto al Ministerio de Ciencia, Tecnolog\u00eda e Innovaci\u00f3n tambi\u00e9n cuenta con recursos que permitir\u00e1n extender \u201cArgentina Programa\u201d, iniciativa que hoy ya le brinda la oportunidad a m\u00e1s de 200.000 j\u00f3venes en las primeras herramientas de programaci\u00f3n. Entre las metas se encuentra el de fomentar la internacionalizaci\u00f3n de empresas, productos y servicios asociados a la econom\u00eda digital.<\/strong><\/p>\n<p>Otro de los aspectos es sentar las bases de lo que a futuro podr\u00eda ser una Agencia de regulaci\u00f3n y fomento de la aplicaci\u00f3n de la inteligencia artificial en el \u00e1mbito de la salud, la educaci\u00f3n y otros sectores que pueden utilizar estas nuevas herramientas para incrementar su productividad, dise\u00f1o a cargo de Cecilia Sleiman desde la Subsecretar\u00eda de Pol\u00edticas de Ciencia, Tecnolog\u00eda e Innovaci\u00f3n del MINCyT.<\/p>\n<p><strong>Argentina cuenta con dos leyes que fueron aprobadas en estos \u00faltimos a\u00f1os: la nueva versi\u00f3n de la Ley de la Econom\u00eda del Conocimiento, que tiene a la IA como una de sus principales actividades contempladas y con fuerte impacto, y la Ley de Financiamiento Plurianual a la Ciencia que facilita y asegura el apoyo a las capacidades cient\u00edficas, una pieza clave en el desarrollo de la investigaci\u00f3n de la Inteligencia Artificial y las Ciencia de Datos.<\/strong><\/p>\n<p>A su vez desde el \u00e1rea de la Secretar\u00eda de Innovaci\u00f3n P\u00fablica en los \u00faltimos meses se han publicado distintos reglamentos y pautas para hacer una adopci\u00f3n justa y \u00e9tica de la Inteligencia Artificial en el \u00e1mbito del Estado Nacional, siendo la Argentina uno de los pa\u00edses l\u00edderes en tomar este tipo de iniciativas.<\/p>\n<div>\n<div id=\"carouselExampleControls\" class=\"carousel slide\" data-ride=\"carousel\">\n<div class=\"carousel-inner\">\n<div class=\"carousel-item active\"><\/div>\n<\/div>\n<\/div>\n<\/div>\n","protected":false},"excerpt":{"rendered":"<p>&nbsp; Lo arroj\u00f3 el \u00edndice que analiza las capacidades de los pa\u00edses de Am\u00e9rica Latina para adoptar y utilizar inteligencia<\/p>\n","protected":false},"author":1,"featured_media":94544,"comment_status":"closed","ping_status":"closed","sticky":false,"template":"","format":"standard","meta":{"kia_subtitle":"","footnotes":"","jetpack_publicize_message":"Argentina reconocida por fomentar el uso conveniente de la inteligencia artificial","jetpack_publicize_feature_enabled":true,"jetpack_social_post_already_shared":true,"jetpack_social_options":{"image_generator_settings":{"template":"highway","default_image_id":0,"font":"","enabled":false},"version":2}},"categories":[3,41],"tags":[],"class_list":["post-94557","post","type-post","status-publish","format-standard","has-post-thumbnail","hentry","category-actualidad","category-nacionales"],"jetpack_publicize_connections":[],"jetpack_featured_media_url":"https:\/\/laurbedigital.com.ar\/noticias\/wp-content\/uploads\/2023\/08\/20230814-IA.jpg","_links":{"self":[{"href":"https:\/\/laurbedigital.com.ar\/noticias\/wp-json\/wp\/v2\/posts\/94557","targetHints":{"allow":["GET"]}}],"collection":[{"href":"https:\/\/laurbedigital.com.ar\/noticias\/wp-json\/wp\/v2\/posts"}],"about":[{"href":"https:\/\/laurbedigital.com.ar\/noticias\/wp-json\/wp\/v2\/types\/post"}],"author":[{"embeddable":true,"href":"https:\/\/laurbedigital.com.ar\/noticias\/wp-json\/wp\/v2\/users\/1"}],"replies":[{"embeddable":true,"href":"https:\/\/laurbedigital.com.ar\/noticias\/wp-json\/wp\/v2\/comments?post=94557"}],"version-history":[{"count":2,"href":"https:\/\/laurbedigital.com.ar\/noticias\/wp-json\/wp\/v2\/posts\/94557\/revisions"}],"predecessor-version":[{"id":94559,"href":"https:\/\/laurbedigital.com.ar\/noticias\/wp-json\/wp\/v2\/posts\/94557\/revisions\/94559"}],"wp:featuredmedia":[{"embeddable":true,"href":"https:\/\/laurbedigital.com.ar\/noticias\/wp-json\/wp\/v2\/media\/94544"}],"wp:attachment":[{"href":"https:\/\/laurbedigital.com.ar\/noticias\/wp-json\/wp\/v2\/media?parent=94557"}],"wp:term":[{"taxonomy":"category","embeddable":true,"href":"https:\/\/laurbedigital.com.ar\/noticias\/wp-json\/wp\/v2\/categories?post=94557"},{"taxonomy":"post_tag","embeddable":true,"href":"https:\/\/laurbedigital.com.ar\/noticias\/wp-json\/wp\/v2\/tags?post=94557"}],"curies":[{"name":"wp","href":"https:\/\/api.w.org\/{rel}","templated":true}]}}