{"id":9434,"date":"2017-11-09T08:02:15","date_gmt":"2017-11-09T11:02:15","guid":{"rendered":"http:\/\/laurbedigital.com.ar\/noticias\/?p=9434"},"modified":"2017-11-09T08:02:15","modified_gmt":"2017-11-09T11:02:15","slug":"hay-una-persecucion-inedita-de-la-justicia-desde-la-recuperacion-de-la-democracia","status":"publish","type":"post","link":"https:\/\/laurbedigital.com.ar\/noticias\/2017\/11\/09\/hay-una-persecucion-inedita-de-la-justicia-desde-la-recuperacion-de-la-democracia\/","title":{"rendered":"\u00abHay una persecuci\u00f3n in\u00e9dita de la Justicia desde la recuperaci\u00f3n de la democracia\u00bb"},"content":{"rendered":"<p class=\"smallbajada\">Organismos de derechos humanos, referentes de la oposici\u00f3n y sindicalistas se\u00f1alaron que con el actual Gobierno \u00abhay menos libertades, menos garant\u00edas y menos derechos\u00bb<\/p>\n<div class=\"smallbajada\">\n<p>Las Abuelas de Plaza de Mayo, Madres y referentes de diferentes organizaciones de derechos humanos, junto a referentes de la oposici\u00f3n y sindicalistas denunciaron \u201cuna persecuci\u00f3n in\u00e9dita del Poder Judicial desde la recuperaci\u00f3n de la democracia\u201d.<\/p>\n<p>Realizaron una importante movilizaci\u00f3n al Congreso Nacional bajo la consigna \u201cQueremos libertad, queremos Estado de derecho, queremos democracia\u201d.<\/p>\n<p>En la conferencia de prensa en la que leyeron el comunicado que confeccionaron las organizaciones, Eugenio Zaffaroni se\u00f1al\u00f3 que \u00abtenemos que ense\u00f1ar derecho porque el derecho es lucha\u00bb. Detall\u00f3: \u00aba veces se avanza y otras veces se retrocede, y cuando se retrocede, se resiste\u00bb. Tambi\u00e9n, se\u00f1al\u00f3 que desde la Corte Interamericana de Derehos Humanos \u00abestamos para defender el espacio del derecho, de la democracia, de las instituciones, que es lo que est\u00e1 en peligro\u00bb.<\/p>\n<p>En el documento presentado aseguran que \u00abdesde que (Mauricio) Macri asumi\u00f3 como Presidente cambiaron muchas cosas, una de ellas es clara: hay menos libertades, menos garant\u00edas y menos derechos\u00bb, adem\u00e1s que \u00abel gobierno promueve un clima de miedo para buscar que no nos manifestemos, no reclamemos por nuestros derechos, no opinemos distinto\u201d.<\/p>\n<p>El comunicado remarca que \u00abhoy un joven puede ser detenido por un simple tuit, un beso entre dos chicas es motivo de sanci\u00f3n y reclamar en la calle puede terminar con heridos y presos\u00bb por lo que advirtien que \u00abest\u00e1n en peligro las libertades que nuestra Constituci\u00f3n Nacional garantiza\u201d. A la vez que denuncian al \u00abPoder Judicial, que deber\u00eda ser un l\u00edmite frente a estos abusos, cumple un rol escandaloso llevando adelante un proceso de persecuci\u00f3n in\u00e9dito desde la recuperaci\u00f3n de la democracia\u201d.<\/p>\n<p>\u201cNo queremos escuchar nuevamente frases como &#8216;algo habr\u00e1n hecho&#8217;, &#8216;no te met\u00e1s&#8217; o &#8216;por algo ser\u00e1'\u00bb contin\u00faan y remarcan que \u00abqueremos libertad, queremos estado de derecho, queremos democracia\u201d.<\/p>\n<\/div>\n","protected":false},"excerpt":{"rendered":"<p>Organismos de derechos humanos, referentes de la oposici\u00f3n y sindicalistas se\u00f1alaron que con el actual Gobierno \u00abhay menos libertades, menos<\/p>\n","protected":false},"author":1,"featured_media":9435,"comment_status":"closed","ping_status":"closed","sticky":false,"template":"","format":"standard","meta":{"kia_subtitle":"","footnotes":"","jetpack_publicize_message":"","jetpack_publicize_feature_enabled":true,"jetpack_social_post_already_shared":true,"jetpack_social_options":{"image_generator_settings":{"template":"highway","default_image_id":0,"font":"","enabled":false},"version":2}},"categories":[3,61],"tags":[],"class_list":["post-9434","post","type-post","status-publish","format-standard","has-post-thumbnail","hentry","category-actualidad","category-ddhh"],"jetpack_publicize_connections":[],"jetpack_featured_media_url":"https:\/\/laurbedigital.com.ar\/noticias\/wp-content\/uploads\/2017\/11\/20171109-nac1.jpg","_links":{"self":[{"href":"https:\/\/laurbedigital.com.ar\/noticias\/wp-json\/wp\/v2\/posts\/9434","targetHints":{"allow":["GET"]}}],"collection":[{"href":"https:\/\/laurbedigital.com.ar\/noticias\/wp-json\/wp\/v2\/posts"}],"about":[{"href":"https:\/\/laurbedigital.com.ar\/noticias\/wp-json\/wp\/v2\/types\/post"}],"author":[{"embeddable":true,"href":"https:\/\/laurbedigital.com.ar\/noticias\/wp-json\/wp\/v2\/users\/1"}],"replies":[{"embeddable":true,"href":"https:\/\/laurbedigital.com.ar\/noticias\/wp-json\/wp\/v2\/comments?post=9434"}],"version-history":[{"count":1,"href":"https:\/\/laurbedigital.com.ar\/noticias\/wp-json\/wp\/v2\/posts\/9434\/revisions"}],"predecessor-version":[{"id":9436,"href":"https:\/\/laurbedigital.com.ar\/noticias\/wp-json\/wp\/v2\/posts\/9434\/revisions\/9436"}],"wp:featuredmedia":[{"embeddable":true,"href":"https:\/\/laurbedigital.com.ar\/noticias\/wp-json\/wp\/v2\/media\/9435"}],"wp:attachment":[{"href":"https:\/\/laurbedigital.com.ar\/noticias\/wp-json\/wp\/v2\/media?parent=9434"}],"wp:term":[{"taxonomy":"category","embeddable":true,"href":"https:\/\/laurbedigital.com.ar\/noticias\/wp-json\/wp\/v2\/categories?post=9434"},{"taxonomy":"post_tag","embeddable":true,"href":"https:\/\/laurbedigital.com.ar\/noticias\/wp-json\/wp\/v2\/tags?post=9434"}],"curies":[{"name":"wp","href":"https:\/\/api.w.org\/{rel}","templated":true}]}}