{"id":94084,"date":"2023-07-29T03:13:29","date_gmt":"2023-07-29T06:13:29","guid":{"rendered":"https:\/\/laurbedigital.com.ar\/noticias\/?p=94084"},"modified":"2023-07-29T03:14:51","modified_gmt":"2023-07-29T06:14:51","slug":"las-aguas-del-oceano-atlantico-norte-batieron-un-record-diario-de-temperatura","status":"publish","type":"post","link":"https:\/\/laurbedigital.com.ar\/noticias\/2023\/07\/29\/las-aguas-del-oceano-atlantico-norte-batieron-un-record-diario-de-temperatura\/","title":{"rendered":"Las aguas del oc\u00e9ano Atl\u00e1ntico Norte batieron un r\u00e9cord diario de temperatura"},"content":{"rendered":"<p>&nbsp;<\/p>\n<h6><strong>Los 24,9\u00b0C fue el r\u00e9cord de este mi\u00e9rcoles mientras que el anterior data de septiembre de 2022 con una temperatura de 24,89\u00b0, seg\u00fan datos de la Oficina Nacional de Administraci\u00f3n Oce\u00e1nica y Atmosf\u00e9rica de EEUU (NOAA).<\/strong><\/h6>\n<p>Las aguas del Oc\u00e9ano Atl\u00e1ntico Norte batieron un r\u00e9cord diario de temperatura, seg\u00fan datos preliminares difundidos este viernes por la Oficina Nacional de Administraci\u00f3n Oce\u00e1nica y Atmosf\u00e9rica estadounidense (NOAA), que lleva el registro desde la d\u00e9cada del &#8217;80.<\/p>\n<p>\u00abSeg\u00fan nuestros an\u00e1lisis, la temperatura promedio r\u00e9cord de la superficie del mar, en el Oc\u00e9ano Atl\u00e1ntico Norte, es de 24,9 \u00b0C como pudimos observar el mi\u00e9rcoles pasado\u00bb, declar\u00f3\u00a0<strong>Xungang Yin, cient\u00edfico de los Centros Nacionales de Informaci\u00f3n Ambiental de la NOAA.<\/strong><\/p>\n<p>El r\u00e9cord anterior data de comienzos de septiembre de 2022, con una marca de temperatura de 24,89\u00b0.<\/p>\n<p>\u00abAhora este r\u00e9cord impacta porque llega mas temprano. Por lo general el Oc\u00e9ano Atl\u00e1ntico Norte suele alcanzar su temperatura m\u00e1xima a principios de septiembre\u00bb, indic\u00f3 el meteor\u00f3logo.<\/p>\n<p>\u00abSe espera que la temperatura de la superficie de las aguas del Atl\u00e1ntico Norte siga aumentando durante el mes de agosto\u00bb, advirti\u00f3 el cient\u00edfico, por lo que se prev\u00e9 un nuevo r\u00e9cord.<\/p>\n<p>\u00abLa temperatura de 24,9\u00b0 es m\u00e1s de un grado m\u00e1s c\u00e1lida de lo normal, de acuerdo al promedio calculado entre el lapso 1982 y 2011\u00bb, consign\u00f3 la agencia de noticias AFP.<\/p>\n<p>\u00abDesde marzo, que es cuando el Atl\u00e1ntico Norte comienza a calentarse despu\u00e9s del per\u00edodo invernal, las temperaturas fueron en general superiores a las de a\u00f1os anteriores, con una diferencia m\u00e1s pronunciada durante las \u00faltimas semanas\u00bb, ampli\u00f3 por su parte el informe de la NOAA.<\/p>\n<p>El Atl\u00e1ntico Norte se convierte as\u00ed en un punto de observaci\u00f3n del sobrecalentamiento de los oc\u00e9anos del planeta bajo el efecto del cambio clim\u00e1tico provocado por los gases de efecto invernadero.<\/p>\n<p>\u00abCasi el 90% del exceso de calor generado por el cambio clim\u00e1tico se ha almacenado en el Oc\u00e9ano, y en las \u00faltimas dos d\u00e9cadas se ha duplicado esa tasa de acumulaci\u00f3n\u00bb, detall\u00f3 asimismo un\u00a0<strong>estudio de 2021 del Panel Intergubernamental para el Cambio Clim\u00e1tico (IPCC)<\/strong>, grupo cient\u00edfico reunido por las Naciones Unidas para monitorear y evaluar toda la ciencia global relacionada con las variables clim\u00e1ticas.<\/p>\n<p>&nbsp;<\/p>\n","protected":false},"excerpt":{"rendered":"<p>&nbsp; Los 24,9\u00b0C fue el r\u00e9cord de este mi\u00e9rcoles mientras que el anterior data de septiembre de 2022 con una<\/p>\n","protected":false},"author":1,"featured_media":94085,"comment_status":"closed","ping_status":"closed","sticky":false,"template":"","format":"standard","meta":{"kia_subtitle":"","footnotes":"","jetpack_publicize_message":"Las aguas del oc\u00e9ano Atl\u00e1ntico Norte batieron un r\u00e9cord diario de temperatura","jetpack_publicize_feature_enabled":true,"jetpack_social_post_already_shared":true,"jetpack_social_options":{"image_generator_settings":{"template":"highway","default_image_id":0,"font":"","enabled":false},"version":2}},"categories":[15,2589],"tags":[],"class_list":["post-94084","post","type-post","status-publish","format-standard","has-post-thumbnail","hentry","category-tendencias","category-medio-ambiente-tendencias"],"jetpack_publicize_connections":[],"jetpack_featured_media_url":"https:\/\/laurbedigital.com.ar\/noticias\/wp-content\/uploads\/2023\/07\/20230729-artico.jpg","_links":{"self":[{"href":"https:\/\/laurbedigital.com.ar\/noticias\/wp-json\/wp\/v2\/posts\/94084","targetHints":{"allow":["GET"]}}],"collection":[{"href":"https:\/\/laurbedigital.com.ar\/noticias\/wp-json\/wp\/v2\/posts"}],"about":[{"href":"https:\/\/laurbedigital.com.ar\/noticias\/wp-json\/wp\/v2\/types\/post"}],"author":[{"embeddable":true,"href":"https:\/\/laurbedigital.com.ar\/noticias\/wp-json\/wp\/v2\/users\/1"}],"replies":[{"embeddable":true,"href":"https:\/\/laurbedigital.com.ar\/noticias\/wp-json\/wp\/v2\/comments?post=94084"}],"version-history":[{"count":2,"href":"https:\/\/laurbedigital.com.ar\/noticias\/wp-json\/wp\/v2\/posts\/94084\/revisions"}],"predecessor-version":[{"id":94087,"href":"https:\/\/laurbedigital.com.ar\/noticias\/wp-json\/wp\/v2\/posts\/94084\/revisions\/94087"}],"wp:featuredmedia":[{"embeddable":true,"href":"https:\/\/laurbedigital.com.ar\/noticias\/wp-json\/wp\/v2\/media\/94085"}],"wp:attachment":[{"href":"https:\/\/laurbedigital.com.ar\/noticias\/wp-json\/wp\/v2\/media?parent=94084"}],"wp:term":[{"taxonomy":"category","embeddable":true,"href":"https:\/\/laurbedigital.com.ar\/noticias\/wp-json\/wp\/v2\/categories?post=94084"},{"taxonomy":"post_tag","embeddable":true,"href":"https:\/\/laurbedigital.com.ar\/noticias\/wp-json\/wp\/v2\/tags?post=94084"}],"curies":[{"name":"wp","href":"https:\/\/api.w.org\/{rel}","templated":true}]}}