{"id":93965,"date":"2023-07-25T13:19:04","date_gmt":"2023-07-25T16:19:04","guid":{"rendered":"https:\/\/laurbedigital.com.ar\/noticias\/?p=93965"},"modified":"2023-07-25T13:19:04","modified_gmt":"2023-07-25T16:19:04","slug":"la-provincia-avanza-con-obras-en-el-hospital-lucio-melendez","status":"publish","type":"post","link":"https:\/\/laurbedigital.com.ar\/noticias\/2023\/07\/25\/la-provincia-avanza-con-obras-en-el-hospital-lucio-melendez\/","title":{"rendered":"La Provincia avanza con obras en el Hospital Lucio Mel\u00e9ndez"},"content":{"rendered":"<p>&nbsp;<\/p>\n<h6><strong>La Provincia de Buenos Aires avanza con la reparaci\u00f3n de las grietas que se detectaron en un edificio que construy\u00f3 la anterior gesti\u00f3n bonaerense entre 2016 y 2018 en el Hospital Lucio Mel\u00e9ndez de Adrogu\u00e9.<\/strong><\/h6>\n<p>En paralelo, la Comisi\u00f3n de Investigaciones Cient\u00edficas (CIC) avanza con los estudios sobre el estado del inmueble sanitario, los cuales se conocer\u00edan en breve.<\/p>\n<p>Mientras tanto, en otro sector del mencionado hospital tambi\u00e9n se avanza con las obras de refacci\u00f3n completa de la Sala de Internaci\u00f3n Cl\u00ednica y de la puesta en valor de la instalaci\u00f3n el\u00e9ctrica, de agua potable y los n\u00facleos sanitarios del hospital.<\/p>\n<p>Respecto de las obras en el edificio m\u00e1s nuevo, el que present\u00f3 las grietas, fuentes de la Provincia de Buenos Aires indicaron que los trabajos se encuentran muy avanzandos y que en las pr\u00f3ximas semanas se encontrar\u00e1n finalizados, lo que permitir\u00e1 -si el informe de la CIC as\u00ed lo habilita- comenzar a restablecer servicios hospiatalarios.<\/p>\n<p><img loading=\"lazy\" decoding=\"async\" class=\"alignnone size-full wp-image-93966\" src=\"https:\/\/laurbedigital.com.ar\/noticias\/wp-content\/uploads\/2023\/07\/1a.jpg\" alt=\"\" width=\"1024\" height=\"683\" title=\"\" srcset=\"https:\/\/laurbedigital.com.ar\/noticias\/wp-content\/uploads\/2023\/07\/1a.jpg 1024w, https:\/\/laurbedigital.com.ar\/noticias\/wp-content\/uploads\/2023\/07\/1a-300x200.jpg 300w, https:\/\/laurbedigital.com.ar\/noticias\/wp-content\/uploads\/2023\/07\/1a-768x512.jpg 768w\" sizes=\"auto, (max-width: 1024px) 100vw, 1024px\" \/><\/p>\n<p><strong>Vale recordar que los problemas se detectaron en el edificio construido por la anterior gesti\u00f3n de la Provincia de Buenos Aires hace m\u00e1s de cinco a\u00f1os.<\/strong><\/p>\n<p><strong>Mientras tanto, un informe oficial revel\u00f3 que \u00abel edificio no presenta riesgo estructural ninguno\u00bb. El mismo fue confeccionado por la Direcci\u00f3n Provincial de Infraestructura del Ministerio de Salud y por el Ministerio de Obras P\u00fablicas\u00a0bonaerense.<\/strong><\/p>\n","protected":false},"excerpt":{"rendered":"<p>&nbsp; La Provincia de Buenos Aires avanza con la reparaci\u00f3n de las grietas que se detectaron en un edificio que<\/p>\n","protected":false},"author":1,"featured_media":93967,"comment_status":"closed","ping_status":"closed","sticky":false,"template":"","format":"standard","meta":{"kia_subtitle":"","footnotes":"","jetpack_publicize_message":"","jetpack_publicize_feature_enabled":true,"jetpack_social_post_already_shared":true,"jetpack_social_options":{"image_generator_settings":{"template":"highway","default_image_id":0,"font":"","enabled":false},"version":2}},"categories":[2,51,33],"tags":[],"class_list":["post-93965","post","type-post","status-publish","format-standard","has-post-thumbnail","hentry","category-alte-brown","category-adrogue","category-alte-brown-alte-brown"],"jetpack_publicize_connections":[],"jetpack_featured_media_url":"https:\/\/laurbedigital.com.ar\/noticias\/wp-content\/uploads\/2023\/07\/20230725-Brown-obras.jpg","_links":{"self":[{"href":"https:\/\/laurbedigital.com.ar\/noticias\/wp-json\/wp\/v2\/posts\/93965","targetHints":{"allow":["GET"]}}],"collection":[{"href":"https:\/\/laurbedigital.com.ar\/noticias\/wp-json\/wp\/v2\/posts"}],"about":[{"href":"https:\/\/laurbedigital.com.ar\/noticias\/wp-json\/wp\/v2\/types\/post"}],"author":[{"embeddable":true,"href":"https:\/\/laurbedigital.com.ar\/noticias\/wp-json\/wp\/v2\/users\/1"}],"replies":[{"embeddable":true,"href":"https:\/\/laurbedigital.com.ar\/noticias\/wp-json\/wp\/v2\/comments?post=93965"}],"version-history":[{"count":3,"href":"https:\/\/laurbedigital.com.ar\/noticias\/wp-json\/wp\/v2\/posts\/93965\/revisions"}],"predecessor-version":[{"id":93970,"href":"https:\/\/laurbedigital.com.ar\/noticias\/wp-json\/wp\/v2\/posts\/93965\/revisions\/93970"}],"wp:featuredmedia":[{"embeddable":true,"href":"https:\/\/laurbedigital.com.ar\/noticias\/wp-json\/wp\/v2\/media\/93967"}],"wp:attachment":[{"href":"https:\/\/laurbedigital.com.ar\/noticias\/wp-json\/wp\/v2\/media?parent=93965"}],"wp:term":[{"taxonomy":"category","embeddable":true,"href":"https:\/\/laurbedigital.com.ar\/noticias\/wp-json\/wp\/v2\/categories?post=93965"},{"taxonomy":"post_tag","embeddable":true,"href":"https:\/\/laurbedigital.com.ar\/noticias\/wp-json\/wp\/v2\/tags?post=93965"}],"curies":[{"name":"wp","href":"https:\/\/api.w.org\/{rel}","templated":true}]}}