{"id":93783,"date":"2023-07-19T12:23:24","date_gmt":"2023-07-19T15:23:24","guid":{"rendered":"https:\/\/laurbedigital.com.ar\/noticias\/?p=93783"},"modified":"2023-07-19T12:23:24","modified_gmt":"2023-07-19T15:23:24","slug":"katopodis-cascallares-y-fabiani-recorrieron-el-nuevo-centro-de-desarrollo-infantil-de-alte-brown","status":"publish","type":"post","link":"https:\/\/laurbedigital.com.ar\/noticias\/2023\/07\/19\/katopodis-cascallares-y-fabiani-recorrieron-el-nuevo-centro-de-desarrollo-infantil-de-alte-brown\/","title":{"rendered":"Katopodis, Cascallares y Fabiani recorrieron el nuevo centro de desarrollo infantil de Alte Brown"},"content":{"rendered":"<div>\n<p>&nbsp;<\/p>\n<h6><strong>El ministro de Obras P\u00fablicas de la Naci\u00f3n, Gabriel Katopodis, recorri\u00f3 junto a Mariano Cascallares y a Juan Fabiani el nuevo Centro de Desarrollo Infantil (CDI) que beneficiar\u00e1 a m\u00e1s de 90 familias del barrio Altos del Castillo de Ministro Rivadavia. De la actividad tambi\u00e9n particip\u00f3 Gabriel Lerner, secretario de Ni\u00f1ez, Adolescencia y Familia del Ministerio de Desarrollo Social de la Naci\u00f3n.<\/strong><\/h6>\n<p>La recorrida se llev\u00f3 adelante este martes 18 de julio en el flamante edificio ubicado en las calles Estanislao entre Araujo y Sarcione. Con esta pol\u00edtica p\u00fablica se busca ampliar y fortalecer los servicios existentes en las \u00e1reas de cuidado y contribuir a reducir las brechas existentes en la ni\u00f1\u00e9z.<\/p>\n<p>Este nuevo Centro de Desarrollo Infantil es un espacio de cuidado para ni\u00f1os y ni\u00f1as de 45 d\u00edas a 36 meses y funcionar\u00e1 en el turno tarde de 13 a 17 horas. Cuenta con una sala para ni\u00f1os de 45 d\u00edas a 1 a\u00f1o, una segunda sala de 1 a 2 a\u00f1os, y una tercera de 2 a 3.<\/p>\n<p>El CDI, que forma parte del Programa de Infraestructura del Cuidado, cuenta con un patio arquitect\u00f3nico en un solo nivel para el desarrollo de diversas actividades, una sala maternal, salas para diferentes rangos de edad y un bloque sanitario para los infantes. Tambi\u00e9n incluye espacios l\u00fadicos y juegos infantiles para el disfrute de los ni\u00f1os y ni\u00f1as.<\/p>\n<p><img loading=\"lazy\" decoding=\"async\" class=\"alignnone size-full wp-image-93785\" src=\"https:\/\/laurbedigital.com.ar\/noticias\/wp-content\/uploads\/2023\/07\/nino.jpg\" alt=\"\" width=\"1600\" height=\"1070\" title=\"\" srcset=\"https:\/\/laurbedigital.com.ar\/noticias\/wp-content\/uploads\/2023\/07\/nino.jpg 1600w, https:\/\/laurbedigital.com.ar\/noticias\/wp-content\/uploads\/2023\/07\/nino-300x201.jpg 300w, https:\/\/laurbedigital.com.ar\/noticias\/wp-content\/uploads\/2023\/07\/nino-1024x685.jpg 1024w, https:\/\/laurbedigital.com.ar\/noticias\/wp-content\/uploads\/2023\/07\/nino-768x514.jpg 768w, https:\/\/laurbedigital.com.ar\/noticias\/wp-content\/uploads\/2023\/07\/nino-1536x1027.jpg 1536w\" sizes=\"auto, (max-width: 1600px) 100vw, 1600px\" \/><\/p>\n<p>Las instalaciones incluyen diferentes patios adaptados a las condiciones ambientales requeridas adem\u00e1s de oficinas, lactario, sector de cocina y cuatro salas destinadas a ni\u00f1as y ni\u00f1os de 2 a 4 a\u00f1os.<\/p>\n<p>Cabe destacar que en Almirante Brown se est\u00e1n construyendo un total de cinco Centros de Desarrollo Infantil, entre los que se encuentran, este del barrio Altos del Castillo y tambi\u00e9n otros cuatro en las localidades de Malvinas Argentinas, Glew, San Francisco Solano y Ministro Rivadavia.<\/p>\n<p><img loading=\"lazy\" decoding=\"async\" class=\"alignnone size-full wp-image-93787\" src=\"https:\/\/laurbedigital.com.ar\/noticias\/wp-content\/uploads\/2023\/07\/nino8.jpg\" alt=\"\" width=\"1600\" height=\"1070\" title=\"\" srcset=\"https:\/\/laurbedigital.com.ar\/noticias\/wp-content\/uploads\/2023\/07\/nino8.jpg 1600w, https:\/\/laurbedigital.com.ar\/noticias\/wp-content\/uploads\/2023\/07\/nino8-300x201.jpg 300w, https:\/\/laurbedigital.com.ar\/noticias\/wp-content\/uploads\/2023\/07\/nino8-1024x685.jpg 1024w, https:\/\/laurbedigital.com.ar\/noticias\/wp-content\/uploads\/2023\/07\/nino8-768x514.jpg 768w, https:\/\/laurbedigital.com.ar\/noticias\/wp-content\/uploads\/2023\/07\/nino8-1536x1027.jpg 1536w\" sizes=\"auto, (max-width: 1600px) 100vw, 1600px\" \/><\/p>\n<h6>\u201cSiempre es una alegr\u00eda recibir a Gabriel (Katopodis), en este caso recorriendo este Centro de Desarrollo Infantil, que est\u00e1 pensado para potenciar las pol\u00edticas p\u00fablicas para nuestros ni\u00f1os y ni\u00f1as en estado de vulnerabilidad para tener un Estado presente y profundizar la promoci\u00f3n y protecci\u00f3n de sus derechos\u201d, sostuvo Mariano Cascallares quien tambi\u00e9n agradeci\u00f3 el trabajo conjunto con Gabriel Lerner.<\/h6>\n<h6>Katopodis, por su parte, remarc\u00f3 que \u201ces una satisfacci\u00f3n recorrer el primer Centro de Desarrollo Infantil de Almirante Brown para el barrio Altos del Castillo, uno de los 500 espacios de este tipo en todo el pa\u00eds\u201d. \u201cTenemos que cuidar y defender todo lo que hicimos y contarle a cada vecina y vecino c\u00f3mo proyectamos el futuro con m\u00e1s oportunidades\u00bb, destac\u00f3.<\/h6>\n<h6>Fabiani, por su parte, remarc\u00f3 que estos Centros de Desarrollo Infantil realizados en conjunto con el Ministerio de Desarrollo Social de la Naci\u00f3n son muy importantes porque buscan \u201cigualar oportunidades en la primera infancia y reducir las brechas existentes de pobreza, g\u00e9nero y de distribuci\u00f3n territorial en el acceso a espacios de desarrollo infantil\u201d.<\/h6>\n<p>Durante la visita se firm\u00f3 adem\u00e1s un convenio mediante el que se aprob\u00f3 el \u201cPlan Nacional De Primera Infancia\u201d con el objetivo de garantizar el desarrollo integral de ni\u00f1os y ni\u00f1as de 45 d\u00edas a 4 a\u00f1os en situaci\u00f3n de vulnerabilidad social en pos de favorecer la promoci\u00f3n y protecci\u00f3n de sus derechos.<\/p>\n<p><img loading=\"lazy\" decoding=\"async\" class=\"alignnone size-full wp-image-93786\" src=\"https:\/\/laurbedigital.com.ar\/noticias\/wp-content\/uploads\/2023\/07\/nino1.jpg\" alt=\"\" width=\"1600\" height=\"1069\" title=\"\" srcset=\"https:\/\/laurbedigital.com.ar\/noticias\/wp-content\/uploads\/2023\/07\/nino1.jpg 1600w, https:\/\/laurbedigital.com.ar\/noticias\/wp-content\/uploads\/2023\/07\/nino1-300x200.jpg 300w, https:\/\/laurbedigital.com.ar\/noticias\/wp-content\/uploads\/2023\/07\/nino1-1024x684.jpg 1024w, https:\/\/laurbedigital.com.ar\/noticias\/wp-content\/uploads\/2023\/07\/nino1-768x513.jpg 768w, https:\/\/laurbedigital.com.ar\/noticias\/wp-content\/uploads\/2023\/07\/nino1-1536x1026.jpg 1536w\" sizes=\"auto, (max-width: 1600px) 100vw, 1600px\" \/><\/p>\n<p>Dijeron presente en la actividad la secretaria de Desarrollo, Seguridad Social y Derechos Humanos, B\u00e1rbara Mi\u00f1\u00e1n; el secretario de Infraestructura, Planificaci\u00f3n y Servicios P\u00fablicos, Fernando Lorenzo, y la subsecretaria de Familia y Pol\u00edticas Sociales, Leda Quintana. Tambi\u00e9n estuvieron el subsecretario de Desarrollo Humano, Adrian Arano; la directora general de Arquitectura, Gabriela Mend\u00eda; el coordinador general de Pol\u00edticas Sociocomunitarias, Mateo Moyano; y el coordinador de Referentes Barriales, Juan Castro, entre otras autoridades.<\/p>\n<p>&nbsp;<\/p>\n<\/div>\n","protected":false},"excerpt":{"rendered":"<p>&nbsp; El ministro de Obras P\u00fablicas de la Naci\u00f3n, Gabriel Katopodis, recorri\u00f3 junto a Mariano Cascallares y a Juan Fabiani<\/p>\n","protected":false},"author":1,"featured_media":93784,"comment_status":"closed","ping_status":"closed","sticky":false,"template":"","format":"standard","meta":{"kia_subtitle":"","footnotes":"","jetpack_publicize_message":"Katopodis, Cascallares y Fabiani recorrieron el nuevo centro de desarrollo infantil de Alte Brown","jetpack_publicize_feature_enabled":true,"jetpack_social_post_already_shared":true,"jetpack_social_options":{"image_generator_settings":{"template":"highway","default_image_id":0,"font":"","enabled":false},"version":2}},"categories":[2,250],"tags":[],"class_list":["post-93783","post","type-post","status-publish","format-standard","has-post-thumbnail","hentry","category-alte-brown","category-ministro-rivadavia"],"jetpack_publicize_connections":[],"jetpack_featured_media_url":"https:\/\/laurbedigital.com.ar\/noticias\/wp-content\/uploads\/2023\/07\/20230719-Brown-Katopodis-Cascallares-Fabiano-nino.jpg","_links":{"self":[{"href":"https:\/\/laurbedigital.com.ar\/noticias\/wp-json\/wp\/v2\/posts\/93783","targetHints":{"allow":["GET"]}}],"collection":[{"href":"https:\/\/laurbedigital.com.ar\/noticias\/wp-json\/wp\/v2\/posts"}],"about":[{"href":"https:\/\/laurbedigital.com.ar\/noticias\/wp-json\/wp\/v2\/types\/post"}],"author":[{"embeddable":true,"href":"https:\/\/laurbedigital.com.ar\/noticias\/wp-json\/wp\/v2\/users\/1"}],"replies":[{"embeddable":true,"href":"https:\/\/laurbedigital.com.ar\/noticias\/wp-json\/wp\/v2\/comments?post=93783"}],"version-history":[{"count":2,"href":"https:\/\/laurbedigital.com.ar\/noticias\/wp-json\/wp\/v2\/posts\/93783\/revisions"}],"predecessor-version":[{"id":93789,"href":"https:\/\/laurbedigital.com.ar\/noticias\/wp-json\/wp\/v2\/posts\/93783\/revisions\/93789"}],"wp:featuredmedia":[{"embeddable":true,"href":"https:\/\/laurbedigital.com.ar\/noticias\/wp-json\/wp\/v2\/media\/93784"}],"wp:attachment":[{"href":"https:\/\/laurbedigital.com.ar\/noticias\/wp-json\/wp\/v2\/media?parent=93783"}],"wp:term":[{"taxonomy":"category","embeddable":true,"href":"https:\/\/laurbedigital.com.ar\/noticias\/wp-json\/wp\/v2\/categories?post=93783"},{"taxonomy":"post_tag","embeddable":true,"href":"https:\/\/laurbedigital.com.ar\/noticias\/wp-json\/wp\/v2\/tags?post=93783"}],"curies":[{"name":"wp","href":"https:\/\/api.w.org\/{rel}","templated":true}]}}