{"id":93635,"date":"2023-07-15T02:02:14","date_gmt":"2023-07-15T05:02:14","guid":{"rendered":"https:\/\/laurbedigital.com.ar\/noticias\/?p=93635"},"modified":"2023-07-14T18:20:20","modified_gmt":"2023-07-14T21:20:20","slug":"pami-compro-una-clinica-en-lanus-y-suma-ocho-centros-propios-para-sus-afiliados","status":"publish","type":"post","link":"https:\/\/laurbedigital.com.ar\/noticias\/2023\/07\/15\/pami-compro-una-clinica-en-lanus-y-suma-ocho-centros-propios-para-sus-afiliados\/","title":{"rendered":"PAMI compr\u00f3 una cl\u00ednica en Lan\u00fas y suma ocho centros propios para sus afiliados"},"content":{"rendered":"<p>&nbsp;<\/p>\n<h6><strong>Est\u00e1 ubicada en Flores de Estrada 5248, en el barrio de Remedios de Escalada. Fue recuperada por la obra social durante la pandemia y con la intervenci\u00f3n de la justicia se pudo hacer uso de ese centro de salud como sede de atenci\u00f3n Covid 19.<\/strong><\/h6>\n<p>Luana Volnovich, directora del PAMI (Programa de Atenci\u00f3n M\u00e9dica Integral), recorri\u00f3 este viernes junto al concejal y candidato a intendente de Lan\u00fas, Juli\u00e1n \u00c1lvarez, la cl\u00ednica Estrada, adquirida recientemente y reacondicionada por la obra social de los jubilados tras haber sido cerrada por sus anteriores due\u00f1os en 2018.<\/p>\n<p>\u201cIngresamos con tres efectores propios al organismo y vamos a terminar nuestra gesti\u00f3n con ocho. Lan\u00fas va a tener la cl\u00ednica Estrada con una atenci\u00f3n de calidad y absolutamente gratuita para todas las afiliadas y los afiliados de PAMI\u201d, se\u00f1al\u00f3 Volnovich sobre el nuevo centro de salud que administrar\u00e1 el organismo.<\/p>\n<p>La cl\u00ednica, que se encuentra ubicada en Flores de Estrada 5248, en el barrio de Remedios de Escalada, fue recuperada por la obra social durante la pandemia y con la intervenci\u00f3n de la justicia se pudo hacer uso de ese centro de salud como sede de atenci\u00f3n Covid 19.<\/p>\n<p>Con una inversi\u00f3n de m\u00e1s de 3 millones de d\u00f3lares, PAMI compr\u00f3 la cl\u00ednica para sus afiliados que van a poder atenderse \u201ccon los mejores profesionales en cardiolog\u00eda, traumatolog\u00eda, kinesiolog\u00eda, neumonolog\u00eda y muchas especialidades m\u00e1s\u201d, se\u00f1al\u00f3 el organismo a trav\u00e9s de un comunicado.<\/p>\n<p>\u201cEl abandono que tuvo la Cl\u00ednica Estrada es el mismo que tuvo el municipio bajo la gesti\u00f3n de Grindeti, un intendente ausente. La recuperaci\u00f3n de este lugar por parte de PAMI para nuestros adultos mayores permite ofrecer un servicio m\u00e9dico de calidad. Es un modelo de lo que hay que hacer en Lan\u00fas, un Estado presente y dando respuestas donde hay abandono\u201d, sentenci\u00f3 \u00c1lvarez.<\/p>\n<p>Durante la recorrida estuvieron presentes el candidato a concejal Omar Galdurralde; Leandro Decuzzi, director provincial en la Subsecretar\u00eda de Asuntos Municipales en la gobernaci\u00f3n bonaerense; Roberto Armagno, secretario m\u00e9dico del PAMI; Alejandra Scarano, secretaria general de la administraci\u00f3n del organismo; Fernando Ortega, director de la UGL Lan\u00fas y Nadia Burgos, coordinadora ejecutiva de la UGL.<\/p>\n<p>&nbsp;<\/p>\n","protected":false},"excerpt":{"rendered":"<p>&nbsp; Est\u00e1 ubicada en Flores de Estrada 5248, en el barrio de Remedios de Escalada. Fue recuperada por la obra<\/p>\n","protected":false},"author":1,"featured_media":91990,"comment_status":"closed","ping_status":"closed","sticky":false,"template":"","format":"standard","meta":{"kia_subtitle":"","footnotes":"","jetpack_publicize_message":"PAMI compr\u00f3 una cl\u00ednica en Lan\u00fas y suma ocho centros propios para sus afiliados","jetpack_publicize_feature_enabled":true,"jetpack_social_post_already_shared":true,"jetpack_social_options":{"image_generator_settings":{"template":"highway","default_image_id":0,"font":"","enabled":false},"version":2}},"categories":[13,242],"tags":[],"class_list":["post-93635","post","type-post","status-publish","format-standard","has-post-thumbnail","hentry","category-region","category-lanus"],"jetpack_publicize_connections":[],"jetpack_featured_media_url":"https:\/\/laurbedigital.com.ar\/noticias\/wp-content\/uploads\/2023\/05\/20230527-pami.jpg","_links":{"self":[{"href":"https:\/\/laurbedigital.com.ar\/noticias\/wp-json\/wp\/v2\/posts\/93635","targetHints":{"allow":["GET"]}}],"collection":[{"href":"https:\/\/laurbedigital.com.ar\/noticias\/wp-json\/wp\/v2\/posts"}],"about":[{"href":"https:\/\/laurbedigital.com.ar\/noticias\/wp-json\/wp\/v2\/types\/post"}],"author":[{"embeddable":true,"href":"https:\/\/laurbedigital.com.ar\/noticias\/wp-json\/wp\/v2\/users\/1"}],"replies":[{"embeddable":true,"href":"https:\/\/laurbedigital.com.ar\/noticias\/wp-json\/wp\/v2\/comments?post=93635"}],"version-history":[{"count":3,"href":"https:\/\/laurbedigital.com.ar\/noticias\/wp-json\/wp\/v2\/posts\/93635\/revisions"}],"predecessor-version":[{"id":93638,"href":"https:\/\/laurbedigital.com.ar\/noticias\/wp-json\/wp\/v2\/posts\/93635\/revisions\/93638"}],"wp:featuredmedia":[{"embeddable":true,"href":"https:\/\/laurbedigital.com.ar\/noticias\/wp-json\/wp\/v2\/media\/91990"}],"wp:attachment":[{"href":"https:\/\/laurbedigital.com.ar\/noticias\/wp-json\/wp\/v2\/media?parent=93635"}],"wp:term":[{"taxonomy":"category","embeddable":true,"href":"https:\/\/laurbedigital.com.ar\/noticias\/wp-json\/wp\/v2\/categories?post=93635"},{"taxonomy":"post_tag","embeddable":true,"href":"https:\/\/laurbedigital.com.ar\/noticias\/wp-json\/wp\/v2\/tags?post=93635"}],"curies":[{"name":"wp","href":"https:\/\/api.w.org\/{rel}","templated":true}]}}