{"id":93246,"date":"2023-07-03T11:40:37","date_gmt":"2023-07-03T14:40:37","guid":{"rendered":"https:\/\/laurbedigital.com.ar\/noticias\/?p=93246"},"modified":"2023-07-03T11:40:37","modified_gmt":"2023-07-03T14:40:37","slug":"el-programa-municipal-llegando-este-lunes-y-martes-en-don-orione","status":"publish","type":"post","link":"https:\/\/laurbedigital.com.ar\/noticias\/2023\/07\/03\/el-programa-municipal-llegando-este-lunes-y-martes-en-don-orione\/","title":{"rendered":"El programa municipal \u201cLlegando\u201d este lunes y martes en Don Orione"},"content":{"rendered":"<p>&nbsp;<\/p>\n<h6><strong><span lang=\"ES-AR\">El Municipio de Almirante Brown llevar\u00e1 adelante este lunes 3 y martes 4 de julio una nueva edici\u00f3n del programa \u201cLlegando\u201d, una iniciativa que acerca importantes servicios de ANSES, PAMI y de todas las \u00e1reas municipales, a la Plaza Ra\u00fal Alfons\u00edn de Don Orione, en la localidad de San Francisco de As\u00eds.<\/span><\/strong><\/h6>\n<p><span lang=\"ES-AR\">La propuesta se llevar\u00e1 adelante ambas jornadas de 9 a 13 horas en el espacio p\u00fablico ubicado en el cruce de las calles Iglesia de Paz y Cordoba, con el objetivo de facilitar a los vecinos y vecinas el acceso a la informaci\u00f3n y la garant\u00eda de derechos.<\/span><\/p>\n<h6><span lang=\"ES-AR\">\u201cSeguimos acercando el Estado con el programa \u201cLlegando\u201d a todos los rincones de Almirante Brown. En este caso en Don Orione, donde tendremos stands de todas las \u00e1reas municipales, junto a PAMI y ANSES\u201d, remarc\u00f3 Mariano Cascallares.<\/p>\n<p><img loading=\"lazy\" decoding=\"async\" class=\"alignnone size-full wp-image-93248\" src=\"https:\/\/laurbedigital.com.ar\/noticias\/wp-content\/uploads\/2023\/07\/llegando14599.jpg\" alt=\"\" width=\"1600\" height=\"1156\" title=\"\" srcset=\"https:\/\/laurbedigital.com.ar\/noticias\/wp-content\/uploads\/2023\/07\/llegando14599.jpg 1600w, https:\/\/laurbedigital.com.ar\/noticias\/wp-content\/uploads\/2023\/07\/llegando14599-300x217.jpg 300w, https:\/\/laurbedigital.com.ar\/noticias\/wp-content\/uploads\/2023\/07\/llegando14599-1024x740.jpg 1024w, https:\/\/laurbedigital.com.ar\/noticias\/wp-content\/uploads\/2023\/07\/llegando14599-768x555.jpg 768w, https:\/\/laurbedigital.com.ar\/noticias\/wp-content\/uploads\/2023\/07\/llegando14599-1536x1110.jpg 1536w\" sizes=\"auto, (max-width: 1600px) 100vw, 1600px\" \/><br \/>\n<\/span><\/h6>\n<p><span lang=\"ES-AR\">Por su parte, el intendente interino de Almirante Brown, Juan Fabiani, destac\u00f3 el \u201ctrabajo articulado con los gobiernos Nacional y Provincial por compartir y potenciar esta impronta de acercar el Estado a los vecinos y vecinas ofreciendo la gesti\u00f3n de servicios tan importantes\u201d.<\/span><\/p>\n<p><b><span lang=\"ES-AR\">\u00bfQu\u00e9 servicios habr\u00e1?<\/span><\/b><\/p>\n<p><span lang=\"ES-AR\">Las jornadas incluir\u00e1n diversos stands, entre ellos de la ANSES respondiendo consultas sobre la AUH y cargando libretas y certificados escolares; mientras que en la mesa de PAMI se podr\u00e1n efectuar afiliaciones y acceder a la cartilla digital.<\/p>\n<p><\/span><span lang=\"ES-AR\">En lo que respecta a las \u00e1reas municipales, los vecinos y vecinas pueden encontrar el stand de Desarrollo Social para realizar certificados \u00fanicos, de discapacidad, gestionar pases municipales provinciales, acceder a programas para mujeres y disidencias y recibir orientaci\u00f3n y abordaje de problem\u00e1ticas sociales, entre muchas alternativas m\u00e1s.<\/p>\n<p><img loading=\"lazy\" decoding=\"async\" class=\"alignnone size-full wp-image-93249\" src=\"https:\/\/laurbedigital.com.ar\/noticias\/wp-content\/uploads\/2023\/07\/llegando214601.jpg\" alt=\"\" width=\"1600\" height=\"1067\" title=\"\" srcset=\"https:\/\/laurbedigital.com.ar\/noticias\/wp-content\/uploads\/2023\/07\/llegando214601.jpg 1600w, https:\/\/laurbedigital.com.ar\/noticias\/wp-content\/uploads\/2023\/07\/llegando214601-300x200.jpg 300w, https:\/\/laurbedigital.com.ar\/noticias\/wp-content\/uploads\/2023\/07\/llegando214601-1024x683.jpg 1024w, https:\/\/laurbedigital.com.ar\/noticias\/wp-content\/uploads\/2023\/07\/llegando214601-768x512.jpg 768w, https:\/\/laurbedigital.com.ar\/noticias\/wp-content\/uploads\/2023\/07\/llegando214601-1536x1024.jpg 1536w\" sizes=\"auto, (max-width: 1600px) 100vw, 1600px\" \/><\/p>\n<p><\/span><span lang=\"ES-AR\">Tambi\u00e9n est\u00e1 el Mercado de Cercan\u00eda \u201cBrown Ahorra\u201d, una mesa del Instituto de Juventudes asesorando a centros de estudiantes; un stand de la Direcci\u00f3n de Tr\u00e1nsito brindando informaci\u00f3n sobre licencias, y otro vinculado a Salud, con vacunaci\u00f3n de calendario, COVID-19 y antigripal.<\/p>\n<p><\/span><span lang=\"ES-AR\">Tambi\u00e9n en materia de Salud est\u00e1 Zoonosis, realizando desparasitaciones y aplicando vacunas antirr\u00e1bicas y un espacio del Instituto Municipal del Deporte con actividades recreativas y l\u00fadicas para los m\u00e1s chicos.<\/p>\n<p><img loading=\"lazy\" decoding=\"async\" class=\"alignnone size-full wp-image-93250\" src=\"https:\/\/laurbedigital.com.ar\/noticias\/wp-content\/uploads\/2023\/07\/llegando414602.jpg\" alt=\"\" width=\"1600\" height=\"1067\" title=\"\" srcset=\"https:\/\/laurbedigital.com.ar\/noticias\/wp-content\/uploads\/2023\/07\/llegando414602.jpg 1600w, https:\/\/laurbedigital.com.ar\/noticias\/wp-content\/uploads\/2023\/07\/llegando414602-300x200.jpg 300w, https:\/\/laurbedigital.com.ar\/noticias\/wp-content\/uploads\/2023\/07\/llegando414602-1024x683.jpg 1024w, https:\/\/laurbedigital.com.ar\/noticias\/wp-content\/uploads\/2023\/07\/llegando414602-768x512.jpg 768w, https:\/\/laurbedigital.com.ar\/noticias\/wp-content\/uploads\/2023\/07\/llegando414602-1536x1024.jpg 1536w\" sizes=\"auto, (max-width: 1600px) 100vw, 1600px\" \/><br \/>\n<\/span><\/p>\n<p><span lang=\"ES-AR\">Otro de los stands disponibles es uno vinculado a la Seguridad, donde se brindar\u00e1 informaci\u00f3n sobre la nueva aplicaci\u00f3n \u201cBrown Previene\u201d, en tanto que la Subsecretar\u00eda de Tierras realiza asesoramiento general, sobre regularizaci\u00f3n dominial, escrituras y bienes de familia.<\/span><\/p>\n<p><span lang=\"ES-AR\">Otro de los importantes servicios que pueden gestionarse son los vinculados a la subsecretar\u00eda de Relaciones Judiciales, abordando temas de defensa al consumidor y derechos de familia, y tambi\u00e9n hay lugar para un stand de reciclaje de la mano del programa Eco Inclusi\u00f3n.<\/p>\n<p><\/span>Finalmente, la jornada cuenta con stands del Instituto de las Culturas con el Bibliom\u00f3vil, aportando jornadas de narraci\u00f3n y promoci\u00f3n de lectura y tambi\u00e9n de Producci\u00f3n, Empleo y Formaci\u00f3n Profesional con las mesas de Turismo Brown, cursos de formaci\u00f3n, de empleo independiente y del programa Brown Emplea.<\/p>\n<p>&nbsp;<\/p>\n","protected":false},"excerpt":{"rendered":"<p>&nbsp; El Municipio de Almirante Brown llevar\u00e1 adelante este lunes 3 y martes 4 de julio una nueva edici\u00f3n del<\/p>\n","protected":false},"author":1,"featured_media":93247,"comment_status":"closed","ping_status":"closed","sticky":false,"template":"","format":"standard","meta":{"kia_subtitle":"","footnotes":"","jetpack_publicize_message":"El programa municipal \u201cLlegando\u201d este lunes y martes en Don Orione","jetpack_publicize_feature_enabled":true,"jetpack_social_post_already_shared":true,"jetpack_social_options":{"image_generator_settings":{"template":"highway","default_image_id":0,"font":"","enabled":false},"version":2}},"categories":[2,33,249,252],"tags":[],"class_list":["post-93246","post","type-post","status-publish","format-standard","has-post-thumbnail","hentry","category-alte-brown","category-alte-brown-alte-brown","category-don-orione","category-san-francisco-de-asis"],"jetpack_publicize_connections":[],"jetpack_featured_media_url":"https:\/\/laurbedigital.com.ar\/noticias\/wp-content\/uploads\/2023\/07\/20230703-Brown-llegando.jpg","_links":{"self":[{"href":"https:\/\/laurbedigital.com.ar\/noticias\/wp-json\/wp\/v2\/posts\/93246","targetHints":{"allow":["GET"]}}],"collection":[{"href":"https:\/\/laurbedigital.com.ar\/noticias\/wp-json\/wp\/v2\/posts"}],"about":[{"href":"https:\/\/laurbedigital.com.ar\/noticias\/wp-json\/wp\/v2\/types\/post"}],"author":[{"embeddable":true,"href":"https:\/\/laurbedigital.com.ar\/noticias\/wp-json\/wp\/v2\/users\/1"}],"replies":[{"embeddable":true,"href":"https:\/\/laurbedigital.com.ar\/noticias\/wp-json\/wp\/v2\/comments?post=93246"}],"version-history":[{"count":2,"href":"https:\/\/laurbedigital.com.ar\/noticias\/wp-json\/wp\/v2\/posts\/93246\/revisions"}],"predecessor-version":[{"id":93252,"href":"https:\/\/laurbedigital.com.ar\/noticias\/wp-json\/wp\/v2\/posts\/93246\/revisions\/93252"}],"wp:featuredmedia":[{"embeddable":true,"href":"https:\/\/laurbedigital.com.ar\/noticias\/wp-json\/wp\/v2\/media\/93247"}],"wp:attachment":[{"href":"https:\/\/laurbedigital.com.ar\/noticias\/wp-json\/wp\/v2\/media?parent=93246"}],"wp:term":[{"taxonomy":"category","embeddable":true,"href":"https:\/\/laurbedigital.com.ar\/noticias\/wp-json\/wp\/v2\/categories?post=93246"},{"taxonomy":"post_tag","embeddable":true,"href":"https:\/\/laurbedigital.com.ar\/noticias\/wp-json\/wp\/v2\/tags?post=93246"}],"curies":[{"name":"wp","href":"https:\/\/api.w.org\/{rel}","templated":true}]}}