{"id":93032,"date":"2023-06-27T03:14:01","date_gmt":"2023-06-27T06:14:01","guid":{"rendered":"https:\/\/laurbedigital.com.ar\/noticias\/?p=93032"},"modified":"2023-06-27T03:14:01","modified_gmt":"2023-06-27T06:14:01","slug":"las-personas-con-vih-que-desconocen-su-condicion-pasaron-del-40-al-13-en-10-anos","status":"publish","type":"post","link":"https:\/\/laurbedigital.com.ar\/noticias\/2023\/06\/27\/las-personas-con-vih-que-desconocen-su-condicion-pasaron-del-40-al-13-en-10-anos\/","title":{"rendered":"Las personas con VIH que desconocen su condici\u00f3n pasaron del 40% al 13% en 10 a\u00f1os"},"content":{"rendered":"<p>&nbsp;<\/p>\n<h6><strong>\u00abEl testeo es imprescindible para poder llegar a un control de la epidemia\u00bb, argument\u00f3\u00a0Mar Lucas, directora de Innovaci\u00f3n Estrat\u00e9gica de la Fundaci\u00f3n Hu\u00e9sped, que organiza una campa\u00f1a federal de testeos r\u00e1pidos.<\/strong><\/h6>\n<p>Las personas con VIH en Argentina que desconocen su condici\u00f3n\u00a0<strong>disminuyeron en los \u00faltimos 10 a\u00f1os 27 puntos porcentuales<\/strong>\u00a0pasando del 40 por ciento en 2012 al 13 por ciento en 2022, seg\u00fan datos de los boletines epidemiol\u00f3gicos oficiales y\u00a0<strong>la introducci\u00f3n de los test r\u00e1pidos fue una de las herramientas clave de este proceso porque permiti\u00f3 \u00abacercar el diagn\u00f3stico a la poblaci\u00f3n\u00bb.<\/strong><\/p>\n<p>En la v\u00edspera del\u00a0<strong>D\u00eda de la Prueba de VIH<\/strong>, Mar Lucas, directora de Innovaci\u00f3n Estrat\u00e9gica de la Fundaci\u00f3n Hu\u00e9sped, dijo a T\u00e9lam que \u00abel testeo es imprescindible para poder llegar a un control de la epidemia de VIH. Sabemos que para esto necesitamos que al menos el 90% de las personas que viven con VIH lo sepan, porque ese es el primer paso para poder acceder al tratamiento\u00bb.<\/p>\n<p>Y continu\u00f3: \u00abDespu\u00e9s necesitar\u00edamos que efectivamente accedan al tratamiento y que adem\u00e1s lo sostengan en el tiempo, cosa que sigue siendo una tarea en s\u00ed misma como en cualquier otra situaci\u00f3n de salud cr\u00f3nica que requiere medicaci\u00f3n de por vida\u00bb.<\/p>\n<p>Lucas record\u00f3 que\u00a0<strong>\u00abhoy sabemos tambi\u00e9n que una persona que mantiene su VIH indetectable durante m\u00e1s de seis meses no lo transmite por v\u00eda sexual;\u00a0<\/strong>entonces el test sigue siendo el foco para iniciar un camino tanto de la salud individual como de salud comunitaria\u00bb.<\/p>\n<p>Seg\u00fan el Bolet\u00edn Epidemiol\u00f3gico N\u00b029, de diciembre de 2012, en la Argentina viv\u00edan alrededor de 110 mil personas con VIH (4 de cada 1.000 j\u00f3venes y adultos estaban infectados con el virus) y el 40% de ellos desconoc\u00eda su condici\u00f3n.<\/p>\n<p>Pero en el \u00faltimo informe de diciembre del a\u00f1o pasado, se estim\u00f3 que en la actualidad hay en el pa\u00eds unas 140.800 personas con VIH, de las cuales s\u00f3lo el 13% no lo sabe.<\/p>\n<p>\u00abSi bien se ha mejorado, todav\u00eda en Argentina no hemos llegado a ese 90% de las personas con VIH que sepan su condici\u00f3n que es una meta a nivel mundial; pero hay otro dato que nos preocupa much\u00edsimo que es que\u00a0<strong>de ese 87% que sabe que tiene VIH, el 30% lleg\u00f3 al diagn\u00f3stico tarde, en fase sida, es decir con enfermedades concomitantes<\/strong>\u00a0que aparecen por el deterioro del sistema inmune\u00bb, sostuvo Lucas.<\/p>\n<p>Y a\u00f1adi\u00f3 que \u00abcon la medicaci\u00f3n actual muchas veces es una fase reversible en relativamente poco tiempo, pero ah\u00ed nos encontramos con otras dificultades m\u00e1s biom\u00e9dicas y no siempre es tan sencillo; entonces es s\u00faper importante que se reduzca ese 30% y eso no lo venimos consiguiendo\u00bb.<\/p>\n<p>En referencia a las barreras que siguen haciendo que las personas no se testeen o lo hagan cuando ya presentan enfermedades concomitantes, la especialista sostuvo que \u00abuna fundamental es el estigma que todav\u00eda pesa en el VIH que hace que a\u00fan hoy pensemos que es algo que pasa a otras personas; otra gran barrera es ir al sistema de salud, hay mucha gente que s\u00f3lo va cuando est\u00e1 muy enferma\u00bb.<\/p>\n<p>\u00abPor eso -sostuvo-\u00a0<strong>una estrategia clave es salir a la calle a buscar a las personas<\/strong>, y en esto el testeo r\u00e1pido que est\u00e1 en Argentina desde hace unos diez a\u00f1os nos dio la posibilidad enorme de instalar postas de testeo en cualquier lugar, sin la necesidad de profesionales, ni de grandes equipamientos; simplemente un pinchacito en el dedo y ah\u00ed mismo en 20 minutos se conoce el resultado\u00bb.<\/p>\n<p>En efecto, un estudio realizado por la Coordinaci\u00f3n de Salud Sexual, Sida e ITS del Gobierno de la Ciudad, el Instituto de Investigaciones Biom\u00e9dicas en Retrovirus y Sida (Inbirs-Conicet-UBA) y el Laboratorio de An\u00e1lisis Cl\u00ednicos del M\u00fa\u00f1iz arroj\u00f3 que\u00a0<strong>\u00abel n\u00famero de personas sometidas a la prueba se duplic\u00f3 en los centros de testeo y aument\u00f3 progresivamente en los laboratorios de los hospitales p\u00fablicos,<\/strong>\u00a0con un descenso en la proporci\u00f3n de diagn\u00f3sticos en estadios sintom\u00e1ticos\u00bb a partir de la incorporaci\u00f3n de los test r\u00e1pidos en 2012 y de una campa\u00f1a masiva en 2014 con testeos en espacios p\u00fablicos de los barrios hasta 2018.<\/p>\n<p>Entre las barreras, Lucas se\u00f1al\u00f3 que, adem\u00e1s, existen otras \u00abinterseccionales\u00bb como por ejemplo, que\u00a0<strong>\u00ablos varones cis hetero van menos al sistema de salud\u00a0<\/strong>y otras poblaciones que tienen otro tipo de vulnerabilidades estructurales, en cuyo caso hay que desarrollar estrategias espec\u00edficas porque no se puede esperar que superen esas barreras estructurales para que se acerquen a un sistema de salud que muchas veces es expulsivo\u00bb.<\/p>\n<p>\u00abEn este sentido -dijo- el estudio realizado por Salud de la Ciudad de Buenos Aires arroj\u00f3, adem\u00e1s, que a partir de la instalaci\u00f3n de postas con testeo r\u00e1pido se hab\u00eda mejorado el acceso de personas que se acercaban por primera vez al sistema de salud, que si hubieran tenido que ir al sistema de salud no lo habr\u00edan hecho; y tambi\u00e9n mejor\u00f3 el porcentaje de varones que se acercaron respecto al testeo tradicional, etc.\u00bb.<\/p>\n<p>Las estrategias para superar esas barreras son m\u00faltiples: \u00abAlgunas est\u00e1n en formato de resoluci\u00f3n pero hay que hacerlas cultura. Una es la que mencion\u00e1bamos antes que es salir, es decir, que el sistema de salud salga a buscar a la gente; la otra es que no te pidan orden m\u00e9dica para que pueda ser un movimiento espont\u00e1neo que no requiera ese paso de primero ir a un m\u00e9dico, etc\u00e9tera\u00bb.<\/p>\n<p>Esto tiene un obst\u00e1culo en la implementaci\u00f3n, ya que \u00absi lo haces a trav\u00e9s de un laboratorio privado se necesita una orden m\u00e9dica a la que imputarle ese gasto; por otro lado, en el sistema p\u00fablico tambi\u00e9n hay complejidades como por ejemplo que vas un d\u00eda y te dicen que el test se hace los martes a las 9.45, etc.\u00bb.<\/p>\n<p>En el contexto de la continuidad del estigma que pesa sobre el VIH,<strong>\u00a0Lucas mencion\u00f3 tambi\u00e9n que en las localidades m\u00e1s peque\u00f1as, acercarse a realizar un test \u00absigue siendo un desaf\u00edo<\/strong>, porque si da positivo se entera todo el mundo y es real que sigue habiendo discriminaci\u00f3n\u00bb.<\/p>\n<p>\u00abOtra estrategia, que incluso est\u00e1 en una resoluci\u00f3n de hace muchos a\u00f1os, es incluir el test en cualquier consulta m\u00e9dica. Es decir, que en todo contacto con el sistema de salud se indague si alguna vez te has hecho el test y si no te lo has hecho o hace mucho que no te lo has hecho, te lo propongan\u00bb, indic\u00f3.<\/p>\n<p>Y concluy\u00f3: \u00abPero eso tambi\u00e9n est\u00e1 lejos de que sea cultura m\u00e9dica porque nos cuesta mucho hablar de sexualidad en casi cualquier entorno, pero tambi\u00e9n en la consulta m\u00e9dica, y eso tambi\u00e9n hay que ir haci\u00e9ndolo cultura\u00bb.<\/p>\n<p>En este contexto, y con motivo del D\u00eda de la Prueba del VIH, Hu\u00e9sped lanz\u00f3 la campa\u00f1a federal\u00a0<strong>\u00abSum\u00e1 tu gotita, hacete el test de VIH\u00bb<\/strong>, una campa\u00f1a que articula y visibiliza los dispositivos de testeo gratuitos y abiertos al p\u00fablico en distintas provincias, entre las que se encuentran Mendoza, Santiago del Estero, Tucum\u00e1n y R\u00edo Negro; en la Ciudad de Buenos Aires la campa\u00f1a de testeo se realizar\u00e1 ma\u00f1ana martes de 9 a 14 en la Legislatura porte\u00f1a (Per\u00fa 160).<\/p>\n<p>Tambi\u00e9n habr\u00e1 testeos gratuitos de VIH y s\u00edfilis en la Plaza Houssay (calle Paraguay al 2100), 10 a 15, organizado por la Direcci\u00f3n de Respuesta al VIH, ITS, Hepatitis Virales y Tuberculosis del Ministerio de Salud de la Naci\u00f3n en articulaci\u00f3n la con cartera sanitaria porte\u00f1a.<\/p>\n","protected":false},"excerpt":{"rendered":"<p>&nbsp; \u00abEl testeo es imprescindible para poder llegar a un control de la epidemia\u00bb, argument\u00f3\u00a0Mar Lucas, directora de Innovaci\u00f3n Estrat\u00e9gica<\/p>\n","protected":false},"author":1,"featured_media":93024,"comment_status":"closed","ping_status":"closed","sticky":false,"template":"","format":"standard","meta":{"kia_subtitle":"","footnotes":"","jetpack_publicize_message":"Las personas con VIH que desconocen su condici\u00f3n pasaron del 40% al 13% en 10 a\u00f1os","jetpack_publicize_feature_enabled":true,"jetpack_social_post_already_shared":true,"jetpack_social_options":{"image_generator_settings":{"template":"highway","default_image_id":0,"font":"","enabled":false},"version":2}},"categories":[3,41],"tags":[],"class_list":["post-93032","post","type-post","status-publish","format-standard","has-post-thumbnail","hentry","category-actualidad","category-nacionales"],"jetpack_publicize_connections":[],"jetpack_featured_media_url":"https:\/\/laurbedigital.com.ar\/noticias\/wp-content\/uploads\/2023\/06\/20230627-test.jpg","_links":{"self":[{"href":"https:\/\/laurbedigital.com.ar\/noticias\/wp-json\/wp\/v2\/posts\/93032","targetHints":{"allow":["GET"]}}],"collection":[{"href":"https:\/\/laurbedigital.com.ar\/noticias\/wp-json\/wp\/v2\/posts"}],"about":[{"href":"https:\/\/laurbedigital.com.ar\/noticias\/wp-json\/wp\/v2\/types\/post"}],"author":[{"embeddable":true,"href":"https:\/\/laurbedigital.com.ar\/noticias\/wp-json\/wp\/v2\/users\/1"}],"replies":[{"embeddable":true,"href":"https:\/\/laurbedigital.com.ar\/noticias\/wp-json\/wp\/v2\/comments?post=93032"}],"version-history":[{"count":2,"href":"https:\/\/laurbedigital.com.ar\/noticias\/wp-json\/wp\/v2\/posts\/93032\/revisions"}],"predecessor-version":[{"id":93034,"href":"https:\/\/laurbedigital.com.ar\/noticias\/wp-json\/wp\/v2\/posts\/93032\/revisions\/93034"}],"wp:featuredmedia":[{"embeddable":true,"href":"https:\/\/laurbedigital.com.ar\/noticias\/wp-json\/wp\/v2\/media\/93024"}],"wp:attachment":[{"href":"https:\/\/laurbedigital.com.ar\/noticias\/wp-json\/wp\/v2\/media?parent=93032"}],"wp:term":[{"taxonomy":"category","embeddable":true,"href":"https:\/\/laurbedigital.com.ar\/noticias\/wp-json\/wp\/v2\/categories?post=93032"},{"taxonomy":"post_tag","embeddable":true,"href":"https:\/\/laurbedigital.com.ar\/noticias\/wp-json\/wp\/v2\/tags?post=93032"}],"curies":[{"name":"wp","href":"https:\/\/api.w.org\/{rel}","templated":true}]}}