{"id":93028,"date":"2023-06-27T03:02:35","date_gmt":"2023-06-27T06:02:35","guid":{"rendered":"https:\/\/laurbedigital.com.ar\/noticias\/?p=93028"},"modified":"2023-06-27T03:02:35","modified_gmt":"2023-06-27T06:02:35","slug":"destacan-el-crecimiento-de-la-tasa-de-empleo-en-el-gran-buenos-aires","status":"publish","type":"post","link":"https:\/\/laurbedigital.com.ar\/noticias\/2023\/06\/27\/destacan-el-crecimiento-de-la-tasa-de-empleo-en-el-gran-buenos-aires\/","title":{"rendered":"Destacan el crecimiento de la tasa de empleo en el Gran Buenos Aires"},"content":{"rendered":"<p>&nbsp;<\/p>\n<h6><strong>El ministro de Hacienda y Finanzas bonaerense, Pablo L\u00f3pez, resalt\u00f3 el crecimiento de la actividad econ\u00f3mica nacional en el primer trimestre del a\u00f1o, en relaci\u00f3n al mismo per\u00edodo de 2022, y asegur\u00f3 que en los distritos del Gran Buenos Aires tambi\u00e9n se registr\u00f3 un crecimiento interanual en los indicadores de dinamismo en el mercado de trabajo.<\/strong><\/h6>\n<p>\u00abEn el primer trimestre del a\u00f1o, la actividad econ\u00f3mica nacional creci\u00f3 1,3% en relaci\u00f3n al a\u00f1o anterior. El mercado de trabajo tambi\u00e9n evolucion\u00f3 favorablemente: la tasa de empleo creci\u00f3 1,7 p.p en relaci\u00f3n al primer trimestre de 2022\u00bb, public\u00f3 L\u00f3pez en su cuenta oficial de Twitter.<\/p>\n<p>El ministro detall\u00f3, junto a varios gr\u00e1ficos, que \u00abde los 16 sectores que conforman el PIB, 14 presentaron un incremento en su actividad en relaci\u00f3n al primer trimestre de 2022. El sector de mayor crecimiento fue Explotaci\u00f3n de minas y canteras, al tiempo que la sequ\u00eda impact\u00f3 en una ca\u00edda de 11,9% en el sector agr\u00edcola\u00bb.<\/p>\n<div class=\"banner-box\">\n<div>\u00abLa expansi\u00f3n de la actividad permite dinamizar el mercado de trabajo. En el primer trimestre del a\u00f1o, la tasa de actividad creci\u00f3 1,8 p.p y la tasa de empleo 1,7 p.p en relaci\u00f3n al mismo trimestre del a\u00f1o anterior\u00bb, precis\u00f3 al remarcar que \u00abla desocupaci\u00f3n registr\u00f3 un leve descenso (-0,1 p.p)\u00bb.<\/div>\n<\/div>\n<p><strong>\u00abSeguiremos trabajando por m\u00e1s empleo, m\u00e1s actividad econ\u00f3mica y m\u00e1s industria para nuestra Provincia\u00bb<\/strong><\/p>\n<p>Con respecto a la provincia de Buenos Aires, el ministro bonaerense destac\u00f3 en su cuenta de Twitter que \u00aben los partidos del Gran Buenos Aires tambi\u00e9n se registr\u00f3 crecimiento interanual en los indicadores de dinamismo en el mercado de trabajo\u00bb.<\/p>\n<p>\u00abEn relaci\u00f3n al primer trimestre de 2022: La tasa de actividad creci\u00f3 2,2 p.p y la tasa de empleo creci\u00f3 2 p.p\u00bb.<\/p>\n<p>L\u00f3pez sostuvo que \u00ablos principales indicadores de la econom\u00eda real se sostienen en tasas positivas. Seguiremos trabajando por m\u00e1s empleo, m\u00e1s actividad econ\u00f3mica y m\u00e1s industria para nuestra Provincia\u00bb. (T\u00e9lam)<\/p>\n","protected":false},"excerpt":{"rendered":"<p>&nbsp; El ministro de Hacienda y Finanzas bonaerense, Pablo L\u00f3pez, resalt\u00f3 el crecimiento de la actividad econ\u00f3mica nacional en el<\/p>\n","protected":false},"author":1,"featured_media":93022,"comment_status":"closed","ping_status":"closed","sticky":false,"template":"","format":"standard","meta":{"kia_subtitle":"","footnotes":"","jetpack_publicize_message":"Destacan el crecimiento de la tasa de empleo en el Gran Buenos Aires","jetpack_publicize_feature_enabled":true,"jetpack_social_post_already_shared":true,"jetpack_social_options":{"image_generator_settings":{"template":"highway","default_image_id":0,"font":"","enabled":false},"version":2}},"categories":[13],"tags":[],"class_list":["post-93028","post","type-post","status-publish","format-standard","has-post-thumbnail","hentry","category-region"],"jetpack_publicize_connections":[],"jetpack_featured_media_url":"https:\/\/laurbedigital.com.ar\/noticias\/wp-content\/uploads\/2023\/06\/20230627-empleo-gba.jpg","_links":{"self":[{"href":"https:\/\/laurbedigital.com.ar\/noticias\/wp-json\/wp\/v2\/posts\/93028","targetHints":{"allow":["GET"]}}],"collection":[{"href":"https:\/\/laurbedigital.com.ar\/noticias\/wp-json\/wp\/v2\/posts"}],"about":[{"href":"https:\/\/laurbedigital.com.ar\/noticias\/wp-json\/wp\/v2\/types\/post"}],"author":[{"embeddable":true,"href":"https:\/\/laurbedigital.com.ar\/noticias\/wp-json\/wp\/v2\/users\/1"}],"replies":[{"embeddable":true,"href":"https:\/\/laurbedigital.com.ar\/noticias\/wp-json\/wp\/v2\/comments?post=93028"}],"version-history":[{"count":3,"href":"https:\/\/laurbedigital.com.ar\/noticias\/wp-json\/wp\/v2\/posts\/93028\/revisions"}],"predecessor-version":[{"id":93031,"href":"https:\/\/laurbedigital.com.ar\/noticias\/wp-json\/wp\/v2\/posts\/93028\/revisions\/93031"}],"wp:featuredmedia":[{"embeddable":true,"href":"https:\/\/laurbedigital.com.ar\/noticias\/wp-json\/wp\/v2\/media\/93022"}],"wp:attachment":[{"href":"https:\/\/laurbedigital.com.ar\/noticias\/wp-json\/wp\/v2\/media?parent=93028"}],"wp:term":[{"taxonomy":"category","embeddable":true,"href":"https:\/\/laurbedigital.com.ar\/noticias\/wp-json\/wp\/v2\/categories?post=93028"},{"taxonomy":"post_tag","embeddable":true,"href":"https:\/\/laurbedigital.com.ar\/noticias\/wp-json\/wp\/v2\/tags?post=93028"}],"curies":[{"name":"wp","href":"https:\/\/api.w.org\/{rel}","templated":true}]}}