{"id":93020,"date":"2023-06-27T02:56:35","date_gmt":"2023-06-27T05:56:35","guid":{"rendered":"https:\/\/laurbedigital.com.ar\/noticias\/?p=93020"},"modified":"2023-06-27T02:56:35","modified_gmt":"2023-06-27T05:56:35","slug":"reves-judicial-para-los-rugbiers-condenados-por-el-crimen-de-fernando","status":"publish","type":"post","link":"https:\/\/laurbedigital.com.ar\/noticias\/2023\/06\/27\/reves-judicial-para-los-rugbiers-condenados-por-el-crimen-de-fernando\/","title":{"rendered":"Rev\u00e9s judicial para los rugbiers condenados por el crimen de Fernando"},"content":{"rendered":"<p>&nbsp;<\/p>\n<h6 class=\"paragraph\"><strong>Los ocho rugbiers presos por el\u00a0crimen de Fernando B\u00e1ez Sosa\u00a0recibieron un rev\u00e9s judicial en su intento de voltear la causa por la cual fueron condenados.<\/strong><\/h6>\n<p>\u00ab<strong>Si hubiesen existido las irregularidades de la entidad que menciona, corresponder\u00eda haber decretado la nulidad.<\/strong>\u00a0Y decretada esta, podr\u00eda abrirse la posibilidad de investigar la posible comisi\u00f3n de delitos de acci\u00f3n p\u00fablica (siempre siguiendo la hip\u00f3tesis planteada por los particulares damnificados). Claramente ello acarrear\u00eda, una clara incidencia en los actos posteriores (el dictado, por ejemplo, de la prisi\u00f3n preventiva lo que conllevar\u00eda a otro delito denunciado: privaci\u00f3n ilegal de la libertad)\u201d, ejemplificaron los jueces de la C\u00e1mara en lo penal de Dolores.<\/p>\n<p>Para los camaristas, ese \u201csupuesto delito ya ha tenido respuesta, no s\u00f3lo de parte del Ministerio P\u00fablico Fiscal en las vistas corridas oportunamente, sino por diversos organismos jurisdiccionales: juez de garant\u00edas, esta misma Sala, \u00f3rganos superiores a esta Sala e, incluso, por el Tribunal que llev\u00f3 adelante el juicio oral pues, como cuesti\u00f3n preliminar, una vez iniciado el debate, nuevamente desech\u00f3 la nulidad planteada al respecto\u00bb.<\/p>\n<p>\u201cDe este modo, qui\u00e9rase o no, de manera directa o indirecta, la desestimaci\u00f3n de la denuncia, en el hecho (o delito seg\u00fan el recurrente) que debe acreditarse para tener andamiaje el resto de la presentaci\u00f3n, ya ha sido analizada y resuelta, como dije en el p\u00e1rrafo anterior, por diversos \u00f3rganos jurisdiccionales:\u00a0<strong>se ha establecido la plena validez de las declaraciones que, seg\u00fan el criterio del apelante, fueron falsificadas. Esto significa, reitero, que tal extremo ha sido motivo de an\u00e1lisis, valoraci\u00f3n y decisi\u00f3n de la jurisdicci\u00f3n<\/strong>\u201d, agregaron.<\/p>\n<p>En ese sentido, se rechaza la recusaci\u00f3n del juez y en el fallo los jueces dan marcha atr\u00e1s con el fundamento de la defensa en cuanto a que existi\u00f3 delito al inicio de la causa, lo que podr\u00eda dar pie a derribar el resto de la misma, incluso las condenas.<\/p>\n","protected":false},"excerpt":{"rendered":"<p>&nbsp; Los ocho rugbiers presos por el\u00a0crimen de Fernando B\u00e1ez Sosa\u00a0recibieron un rev\u00e9s judicial en su intento de voltear la<\/p>\n","protected":false},"author":1,"featured_media":88103,"comment_status":"closed","ping_status":"closed","sticky":false,"template":"","format":"standard","meta":{"kia_subtitle":"","footnotes":"","jetpack_publicize_message":"Rev\u00e9s judicial para los rugbiers condenados por el crimen de Fernando","jetpack_publicize_feature_enabled":true,"jetpack_social_post_already_shared":true,"jetpack_social_options":{"image_generator_settings":{"template":"highway","default_image_id":0,"font":"","enabled":false},"version":2}},"categories":[8],"tags":[],"class_list":["post-93020","post","type-post","status-publish","format-standard","has-post-thumbnail","hentry","category-policiales"],"jetpack_publicize_connections":[],"jetpack_featured_media_url":"https:\/\/laurbedigital.com.ar\/noticias\/wp-content\/uploads\/2023\/02\/20230206-condena-rugbier-asesinos.jpg","_links":{"self":[{"href":"https:\/\/laurbedigital.com.ar\/noticias\/wp-json\/wp\/v2\/posts\/93020","targetHints":{"allow":["GET"]}}],"collection":[{"href":"https:\/\/laurbedigital.com.ar\/noticias\/wp-json\/wp\/v2\/posts"}],"about":[{"href":"https:\/\/laurbedigital.com.ar\/noticias\/wp-json\/wp\/v2\/types\/post"}],"author":[{"embeddable":true,"href":"https:\/\/laurbedigital.com.ar\/noticias\/wp-json\/wp\/v2\/users\/1"}],"replies":[{"embeddable":true,"href":"https:\/\/laurbedigital.com.ar\/noticias\/wp-json\/wp\/v2\/comments?post=93020"}],"version-history":[{"count":2,"href":"https:\/\/laurbedigital.com.ar\/noticias\/wp-json\/wp\/v2\/posts\/93020\/revisions"}],"predecessor-version":[{"id":93027,"href":"https:\/\/laurbedigital.com.ar\/noticias\/wp-json\/wp\/v2\/posts\/93020\/revisions\/93027"}],"wp:featuredmedia":[{"embeddable":true,"href":"https:\/\/laurbedigital.com.ar\/noticias\/wp-json\/wp\/v2\/media\/88103"}],"wp:attachment":[{"href":"https:\/\/laurbedigital.com.ar\/noticias\/wp-json\/wp\/v2\/media?parent=93020"}],"wp:term":[{"taxonomy":"category","embeddable":true,"href":"https:\/\/laurbedigital.com.ar\/noticias\/wp-json\/wp\/v2\/categories?post=93020"},{"taxonomy":"post_tag","embeddable":true,"href":"https:\/\/laurbedigital.com.ar\/noticias\/wp-json\/wp\/v2\/tags?post=93020"}],"curies":[{"name":"wp","href":"https:\/\/api.w.org\/{rel}","templated":true}]}}